{"id":27026,"date":"2021-09-27T10:50:58","date_gmt":"2021-09-27T13:50:58","guid":{"rendered":"https:\/\/pinews.com.br\/?p=27026"},"modified":"2021-09-27T10:50:58","modified_gmt":"2021-09-27T13:50:58","slug":"caminhao-derruba-arvore-e-motorista-fica-ferido-em-grave-acidente-na-pi-113","status":"publish","type":"post","link":"https:\/\/pinews.com.br\/index.php\/2021\/09\/27\/caminhao-derruba-arvore-e-motorista-fica-ferido-em-grave-acidente-na-pi-113\/","title":{"rendered":"Caminh\u00e3o derruba \u00e1rvore e motorista fica ferido em grave acidente na PI-113"},"content":{"rendered":"\n<p>Um caminh\u00e3o ba\u00fa de placa NIW-6251-Teresina, pertencente a distribuidora \u201cS\u00f3 A\u00e7o\u201d sofreu um grave acidente na PI-113 \u00e1 poucos metros da balan\u00e7a da SEFAZ em Jos\u00e9 de Freitas, ap\u00f3s o motorista perder o controle do ve\u00edculo, sair da pista e colidir violentamente contra uma \u00e1rvore as margens do asfalto, deixando o motorista preso as ferragens. As informa\u00e7\u00f5es s\u00e3o da Revista Opini\u00e3o.<\/p>\n\n\n\n<p>Segundo informa\u00e7\u00f5es, o caminh\u00e3o trafegava no sentindo Jos\u00e9 de Freitas\/Teresina, oportunidade que ap\u00f3s passar da balan\u00e7a da SEFAZ, o motorista perdeu o controle da dire\u00e7\u00e3o por motivo desconhecido e desceu o barranco da pista, batendo frontalmente em uma \u00e1rvore de grande porte da esp\u00e9cie jatob\u00e1, que n\u00e3o resistiu e desabou devido o forte impacto.<\/p>\n\n\n\n<p>O caminh\u00e3o ficou com a cabine bastante destru\u00edda e sem condi\u00e7\u00f5es de seguir viagem. De acordo com \u00e1udios que vazaram nas redes sociais, o motorista teria ficado preso as ferragens, sendo socorrido e encaminhado a um hospital para atendimento m\u00e9dico. Um crach\u00e1 denominando a fun\u00e7\u00e3o de motorista em nome de Ad\u00e3o Torres, foi encontrado dentro do caminh\u00e3o, possivelmente do condutor do ve\u00edculo.<\/p>\n\n\n\n<figure class=\"wp-block-image\"><a href=\"https:\/\/storage.stwonline.com.br\/180graus\/uploads\/ckeditor\/pictures\/2490660\/20210926-083323-1536x864.jpg\"><img decoding=\"async\" src=\"https:\/\/storage.stwonline.com.br\/180graus\/uploads\/ckeditor\/pictures\/2490660\/20210926-083323-1536x864.jpg\" alt=\"\"\/><\/a><figcaption>Reprodu\u00e7\u00e3o<\/figcaption><\/figure>\n\n\n\n<figure class=\"wp-block-image\"><a href=\"https:\/\/storage.stwonline.com.br\/180graus\/uploads\/ckeditor\/pictures\/2490661\/20210926-083348-1536x864.jpg\"><img decoding=\"async\" src=\"https:\/\/storage.stwonline.com.br\/180graus\/uploads\/ckeditor\/pictures\/2490661\/20210926-083348-1536x864.jpg\" alt=\"\"\/><\/a><figcaption>Reprodu\u00e7\u00e3o<\/figcaption><\/figure>\n\n\n\n<p><strong>Fonte: 180 Graus<\/strong><\/p>\n","protected":false},"excerpt":{"rendered":"<p>Um caminh\u00e3o ba\u00fa de placa NIW-6251-Teresina, pertencente a distribuidora \u201cS\u00f3 A\u00e7o\u201d sofreu um grave acidente na PI-113 \u00e1 poucos metros da balan\u00e7a da SEFAZ em Jos\u00e9 de Freitas, ap\u00f3s o motorista perder o controle do ve\u00edculo, sair da pista e colidir violentamente contra uma \u00e1rvore as margens do asfalto, deixando o motorista preso as ferragens. [&hellip;]<\/p>\n","protected":false},"author":1,"featured_media":27027,"comment_status":"open","ping_status":"open","sticky":false,"template":"","format":"standard","meta":{"beyondwords_generate_audio":"","beyondwords_project_id":"","beyondwords_podcast_id":"","beyondwords_hash":"","beyondwords_error_message":"","beyondwords_disabled":"","publish_post_to_speechkit":"","speechkit_generate_audio":"","speechkit_project_id":"","speechkit_podcast_id":"","speechkit_hash":"","speechkit_error_message":"","speechkit_disabled":"","speechkit_access_key":"","speechkit_error":"","speechkit_info":"","speechkit_response":"","speechkit_retries":"","_speechkit_link":"","_speechkit_text":""},"categories":[51],"tags":[176,441,188,151,46,295,160,404,58,91,5336],"jetpack_featured_media_url":"","_links":{"self":[{"href":"https:\/\/pinews.com.br\/index.php\/wp-json\/wp\/v2\/posts\/27026"}],"collection":[{"href":"https:\/\/pinews.com.br\/index.php\/wp-json\/wp\/v2\/posts"}],"about":[{"href":"https:\/\/pinews.com.br\/index.php\/wp-json\/wp\/v2\/types\/post"}],"author":[{"embeddable":true,"href":"https:\/\/pinews.com.br\/index.php\/wp-json\/wp\/v2\/users\/1"}],"replies":[{"embeddable":true,"href":"https:\/\/pinews.com.br\/index.php\/wp-json\/wp\/v2\/comments?post=27026"}],"version-history":[{"count":0,"href":"https:\/\/pinews.com.br\/index.php\/wp-json\/wp\/v2\/posts\/27026\/revisions"}],"wp:featuredmedia":[{"embeddable":true,"href":"https:\/\/pinews.com.br\/index.php\/wp-json\/"}],"wp:attachment":[{"href":"https:\/\/pinews.com.br\/index.php\/wp-json\/wp\/v2\/media?parent=27026"}],"wp:term":[{"taxonomy":"category","embeddable":true,"href":"https:\/\/pinews.com.br\/index.php\/wp-json\/wp\/v2\/categories?post=27026"},{"taxonomy":"post_tag","embeddable":true,"href":"https:\/\/pinews.com.br\/index.php\/wp-json\/wp\/v2\/tags?post=27026"}],"curies":[{"name":"wp","href":"https:\/\/api.w.org\/{rel}","templated":true}]}}