{"id":27032,"date":"2021-09-27T10:58:04","date_gmt":"2021-09-27T13:58:04","guid":{"rendered":"https:\/\/pinews.com.br\/?p=27032"},"modified":"2021-09-27T10:58:04","modified_gmt":"2021-09-27T13:58:04","slug":"policiais-militares-em-motos-sofrem-acidente-durante-perseguicao-a-suspeitos-de-assalto-no-piaui","status":"publish","type":"post","link":"https:\/\/pinews.com.br\/index.php\/2021\/09\/27\/policiais-militares-em-motos-sofrem-acidente-durante-perseguicao-a-suspeitos-de-assalto-no-piaui\/","title":{"rendered":"Policiais militares em motos sofrem acidente durante persegui\u00e7\u00e3o a suspeitos de assalto no Piau\u00ed"},"content":{"rendered":"\n<p>Dois policiais militares, um deles do grupo Rondas Ostensivas com Apoio de Motocicleta (Rocam), sofreram um acidente de tr\u00e2nsito envolvendo duas outras motocicletas. Segundo a Pol\u00edcia Militar, os ocupantes de uma dessas motos eram suspeitos de assalto, que estavam sendo perseguidos pelos policiais pela regi\u00e3o da Santa Maria da Codipi, na Zona Norte de Teresina.<\/p>\n\n\n\n<p>A colis\u00e3o aconteceu na Avenida Francisca Trindade, na Santa Maria da Codipi, durante a noite de domingo (26).<\/p>\n\n\n\n<p>Segundo a PM, os policiais reconheceram os suspeitos de assalto trafegando em uma moto quando faziam rondas pela Santa Maria da Codipi, e come\u00e7aram a segui-los. Durante a fuga, os suspeitos sofreram um acidente que envolveu outro motociclista e os dois policiais.<\/p>\n\n\n\n<p>Ainda de acordo com a Pol\u00edcia militar, os policiais, os motociclistas e os dois suspeitos de assalto sofreram ferimentos superficiais e passam bem. Os dois suspeitos foram presos e identificados como Jordan Sebastian Macedo e Breno Rafael de Alencar.<\/p>\n\n\n\n<p><strong>Fonte: G1 PI<\/strong><\/p>\n","protected":false},"excerpt":{"rendered":"<p>Dois policiais militares, um deles do grupo Rondas Ostensivas com Apoio de Motocicleta (Rocam), sofreram um acidente de tr\u00e2nsito envolvendo duas outras motocicletas. Segundo a Pol\u00edcia Militar, os ocupantes de uma dessas motos eram suspeitos de assalto, que estavam sendo perseguidos pelos policiais pela regi\u00e3o da Santa Maria da Codipi, na Zona Norte de Teresina. [&hellip;]<\/p>\n","protected":false},"author":1,"featured_media":27033,"comment_status":"open","ping_status":"open","sticky":false,"template":"","format":"standard","meta":{"beyondwords_generate_audio":"","beyondwords_project_id":"","beyondwords_podcast_id":"","beyondwords_hash":"","beyondwords_error_message":"","beyondwords_disabled":"","publish_post_to_speechkit":"","speechkit_generate_audio":"","speechkit_project_id":"","speechkit_podcast_id":"","speechkit_hash":"","speechkit_error_message":"","speechkit_disabled":"","speechkit_access_key":"","speechkit_error":"","speechkit_info":"","speechkit_response":"","speechkit_retries":"","_speechkit_link":"","_speechkit_text":""},"categories":[51,78,81],"tags":[176,356,44,45,46,630,258,1333,52,384,5560,497],"jetpack_featured_media_url":"","_links":{"self":[{"href":"https:\/\/pinews.com.br\/index.php\/wp-json\/wp\/v2\/posts\/27032"}],"collection":[{"href":"https:\/\/pinews.com.br\/index.php\/wp-json\/wp\/v2\/posts"}],"about":[{"href":"https:\/\/pinews.com.br\/index.php\/wp-json\/wp\/v2\/types\/post"}],"author":[{"embeddable":true,"href":"https:\/\/pinews.com.br\/index.php\/wp-json\/wp\/v2\/users\/1"}],"replies":[{"embeddable":true,"href":"https:\/\/pinews.com.br\/index.php\/wp-json\/wp\/v2\/comments?post=27032"}],"version-history":[{"count":0,"href":"https:\/\/pinews.com.br\/index.php\/wp-json\/wp\/v2\/posts\/27032\/revisions"}],"wp:featuredmedia":[{"embeddable":true,"href":"https:\/\/pinews.com.br\/index.php\/wp-json\/"}],"wp:attachment":[{"href":"https:\/\/pinews.com.br\/index.php\/wp-json\/wp\/v2\/media?parent=27032"}],"wp:term":[{"taxonomy":"category","embeddable":true,"href":"https:\/\/pinews.com.br\/index.php\/wp-json\/wp\/v2\/categories?post=27032"},{"taxonomy":"post_tag","embeddable":true,"href":"https:\/\/pinews.com.br\/index.php\/wp-json\/wp\/v2\/tags?post=27032"}],"curies":[{"name":"wp","href":"https:\/\/api.w.org\/{rel}","templated":true}]}}