{"id":27041,"date":"2021-09-27T19:43:36","date_gmt":"2021-09-27T22:43:36","guid":{"rendered":"https:\/\/pinews.com.br\/?p=27041"},"modified":"2021-09-27T19:43:36","modified_gmt":"2021-09-27T22:43:36","slug":"setembro-verde-professora-doa-parte-do-figado-para-salvar-vida-de-filho-da-amiga-no-piaui","status":"publish","type":"post","link":"https:\/\/pinews.com.br\/index.php\/2021\/09\/27\/setembro-verde-professora-doa-parte-do-figado-para-salvar-vida-de-filho-da-amiga-no-piaui\/","title":{"rendered":"Setembro Verde: professora doa parte do f\u00edgado para salvar vida de filho da amiga no Piau\u00ed"},"content":{"rendered":"\n<p>Aos tr\u00eas meses, o pequeno Maur\u00edcio Jos\u00e9 Luz foi diagnosticado com uma doen\u00e7a renal cr\u00f4nica. Pouco tempo depois, com Hiperoxal\u00faria Prim\u00e1ria Tipo I, um problema metab\u00f3lico raro. Para sobreviver, o menino precisaria de dois transplantes: um do rim e outro do f\u00edgado. E foi em uma amiga de faculdade da m\u00e3e da crian\u00e7a, que a fam\u00edlia encontrou parte da esperan\u00e7a que precisava.<\/p>\n\n\n\n<blockquote class=\"wp-block-quote\"><p>O primeiro a se dispor a doar parte do f\u00edgado foi o meu irm\u00e3o, Elbert, mas o primeiro balde de \u00e1gua congelante. N\u00e3o deu certo! No final, nosso anjo foi a \u00c9llen Maria. Ela trouxe a esperan\u00e7a para toda uma fam\u00edlia. Dias melhores viriam&#8221;, contou \u00c9rika Luz, m\u00e3e de Mauricio.<\/p><\/blockquote>\n\n\n\n<p>Ao g1, a dentista \u00c9rika Luz contou que o menino nasceu prematuro, ap\u00f3s 35 semanas de gesta\u00e7\u00e3o, no dia 10 de julho de 2018. No entanto, n\u00e3o precisou ficar internado e levava uma vida aparentemente normal at\u00e9 os dois meses.<\/p>\n\n\n\n<figure class=\"wp-block-image\"><img decoding=\"async\" src=\"https:\/\/s2.glbimg.com\/Xzixb4-I_dGxngRuv2_5llqoIDE=\/0x0:473x532\/984x0\/smart\/filters:strip_icc()\/i.s3.glbimg.com\/v1\/AUTH_59edd422c0c84a879bd37670ae4f538a\/internal_photos\/bs\/2021\/W\/t\/B0PJjbRQiYrwQEvq5nmQ\/captura-de-tela-71-.png\" alt=\"Setembro Verde: Professora doa parte de f\u00edgado para salvar vida de filho de amiga no Piau\u00ed \u2014 Foto: Reprodu\u00e7\u00e3o\"\/><figcaption>Setembro Verde: Professora doa parte de f\u00edgado para salvar vida de filho de amiga no Piau\u00ed \u2014 Foto: Reprodu\u00e7\u00e3o<\/figcaption><\/figure>\n\n\n\n<p>\u201cTudo ia correndo bem at\u00e9 que, aos dois meses, ele ficou muito irritado. Tudo que ele mamava, vomitava. N\u00e3o conseguia dormir direito e, uma semana depois que ele completou tr\u00eas meses, teve uma convuls\u00e3o. A causa, ningu\u00e9m sabia, os dias passavam lentamente, o desespero tomou conta\u201d, relatou a m\u00e3e.<\/p>\n\n\n\n<p>Ainda em 2018, com apenas tr\u00eas meses, Maur\u00edcio foi hospitalizado e diagnosticado com uma doen\u00e7a renal cr\u00f4nica. Para o tratamento com hemodi\u00e1lise, a fam\u00edlia teve que viajar, e posteriormente morar em S\u00e3o Paulo.<\/p>\n\n\n\n<figure class=\"wp-block-image\"><img decoding=\"async\" src=\"https:\/\/s2.glbimg.com\/Pk_GRR26WqBEwvpF66hYFPD5nA0=\/0x0:439x539\/984x0\/smart\/filters:strip_icc()\/i.s3.glbimg.com\/v1\/AUTH_59edd422c0c84a879bd37670ae4f538a\/internal_photos\/bs\/2021\/I\/V\/RLafS4SHyqFjf5A4avHA\/captura-de-tela-72-.png\" alt=\"Setembro Verde: Professora doa parte de f\u00edgado para salvar vida de filho de amiga no Piau\u00ed \u2014 Foto: Reprodu\u00e7\u00e3o\"\/><figcaption>Setembro Verde: Professora doa parte de f\u00edgado para salvar vida de filho de amiga no Piau\u00ed \u2014 Foto: Reprodu\u00e7\u00e3o<\/figcaption><\/figure>\n\n\n\n<p>Na cidade paulistana, o laudo final saiu e a fam\u00edlia soube o nome da doen\u00e7a de Maur\u00edcio: <strong>Hiperoxal\u00faria prim\u00e1ria tipo I. <\/strong>Isso significou que al\u00e9m do transplante de rim seria necess\u00e1rio tamb\u00e9m o de f\u00edgado. Infelizmente, os pais do menino n\u00e3o tinham o tipo sangu\u00edneo compat\u00edvel e tiveram que esperar por um doador.<\/p>\n\n\n\n<p>Muitos amigos da fam\u00edlia tentaram fazer a doa\u00e7\u00e3o ao beb\u00ea. Segundo a m\u00e3e, os exames que eram exigidos aos poss\u00edveis doadores mostravam taxas alteradas ou exames incompat\u00edveis com o paciente.<\/p>\n\n\n\n<p>Em novembro de 2019, a busca por um doador finalmente cessou. \u00c9rika encontrou esperan\u00e7a atrav\u00e9s de sua amiga da faculdade, a doadora em potencial era a professora \u00c9llen Maria. Com todos os exames certos e saud\u00e1veis, ela viajou at\u00e9 S\u00e3o Paulo para dar in\u00edcio ao procedimento que duraria nove meses.<\/p>\n\n\n\n<blockquote class=\"wp-block-quote\"><p>&#8220;Marcaram a cirurgia para mar\u00e7o de 2020, mas a\u00ed veio a pandemia da Covid-19 e as cirurgias eletivas foram suspensas. S\u00f3 no dia 31 de agosto deu certo e a \u00c9llen doou um peda\u00e7o do seu pr\u00f3prio f\u00edgado para o Maur\u00edcio&#8221;, explicou \u00c9rika.<\/p><\/blockquote>\n\n\n\n<p>Depois de pouco mais de um m\u00eas de um p\u00f3s operat\u00f3rio dif\u00edcil, principalmente para uma crian\u00e7a que ainda tinha que fazer hemodi\u00e1lise, ele teve alta. Ent\u00e3o se iniciou outra espera. Agora seria diferente, o doador do rim que Maur\u00edcio precisava pelo tamanho, deveria vir de um ser n\u00e3o vivo. Dessa vez n\u00e3o tinha data marcada,&nbsp;seria na hora e no dia do &#8220;sim&#8221; de uma fam\u00edlia diante de um momento de dor.<\/p>\n\n\n\n<p>A felicidade da fam\u00edlia Luz se completou em janeiro de 2021. O pai de Maur\u00edcio, Luiz Pai\u00e3o, recebeu a noticia de que havia um rim de um doador falecido para o pequeno.<\/p>\n\n\n\n<figure class=\"wp-block-image\"><img decoding=\"async\" src=\"https:\/\/s2.glbimg.com\/r7Vc5-HVj3yg0-Yi585vDdOf-HI=\/0x0:900x1600\/984x0\/smart\/filters:strip_icc()\/i.s3.glbimg.com\/v1\/AUTH_59edd422c0c84a879bd37670ae4f538a\/internal_photos\/bs\/2021\/T\/J\/npkDANRcqS3AioY3rCEw\/whatsapp-image-2021-09-27-at-12.54.56.jpeg\" alt=\"Fam\u00edlia comemora 1 ano de transplante de f\u00edgado em Teresina \u2014 Foto: Arquivo Pessoal\"\/><figcaption>Fam\u00edlia comemora 1 ano de transplante de f\u00edgado em Teresina \u2014 Foto: Arquivo Pessoal<\/figcaption><\/figure>\n\n\n\n<p>&#8220;No dia 9 de janeiro de 2021, no final de uma sess\u00e3o de hemodi\u00e1lise, a equipe m\u00e9dica entrou no quarto onde eu e o Maur\u00edcio est\u00e1vamos. Eu me lembro que cheguei a brincar assim: &#8216; t\u00e1 trazendo o rim do Maur\u00edcio?&#8217; e a enfermeira falou: &#8216;sim, \u00e9 exatamente isso que a gente veio conversar com voc\u00ea'&#8221;, contou emocionado o pai.<\/p>\n\n\n\n<p>Maur\u00edcio estava na prioridade na fila do transplante por j\u00e1 ser um paciente transplantado e imunossupressor, ent\u00e3o quando uma fam\u00edlia resolveu doar os \u00f3rg\u00e3os de seu filho falecido de 14 anos, Maur\u00edcio ganhou um novo rim.<\/p>\n\n\n\n<blockquote class=\"wp-block-quote\"><p>&#8220;Eu acho que nunca vai haver palavra, frase ou texto para agradecer o amor pelas doa\u00e7\u00f5es que o Maur\u00edcio recebeu. Como esse ato \u00e9 inexplic\u00e1vel! \u00c9 puro e verdadeiro amor! \u00c9 empatia plena! E daqui, \u00e9 gratid\u00e3o para sempre. Hoje o Maur\u00edcio pode tomar seu banho \u00e0 vontade, beber \u00e1gua \u00e0 vontade, ir e vir. \u00c9 uma liberdade pelas pequenas coisas. Hoje o Maur\u00edcio cresce, desenvolve a saltos longos. \u00c9 estado de gra\u00e7a\u201d, afirmou a m\u00e3e.<\/p><\/blockquote>\n\n\n\n<h2>Setembro Verde<\/h2>\n\n\n\n<p>Durante todo o m\u00eas de setembro, o Minist\u00e9rio da Sa\u00fade realiza a\u00e7\u00f5es para conscientizar sobre a import\u00e2ncia da doa\u00e7\u00e3o de \u00f3rg\u00e3os. O &#8220;Setembro Verde&#8221; lembra que, no Brasil, cerca de 33 mil pessoas aguardam transplante, segundo a Associa\u00e7\u00e3o Brasileira de Transplante de \u00d3rg\u00e3os (ABTO).<\/p>\n\n\n\n<figure class=\"wp-block-image\"><img decoding=\"async\" src=\"https:\/\/s2.glbimg.com\/fiSmLg0jaHmgzbL4lvCsV9NfqYs=\/0x0:1200x1600\/984x0\/smart\/filters:strip_icc()\/i.s3.glbimg.com\/v1\/AUTH_59edd422c0c84a879bd37670ae4f538a\/internal_photos\/bs\/2021\/O\/X\/sJyEmuQRmwgbKv9wkzKw\/whatsapp-image-2021-09-27-at-12.49.51.jpeg\" alt=\"Setembro Verde: Professora doa parte de f\u00edgado para salvar vida de filho de amiga \u2014 Foto: Arquivo Pessoal\"\/><figcaption>Setembro Verde: Professora doa parte de f\u00edgado para salvar vida de filho de amiga \u2014 Foto: Arquivo Pessoal<\/figcaption><\/figure>\n\n\n\n<p>A fila nacional de transplantes \u00e9 grande, comparado ao n\u00edvel de doa\u00e7\u00e3o, que continua baixo. Apenas 32% de potenciais transplantes foram realizados, porque quase 70% das pessoas negaram a possibilidade de doa\u00e7\u00e3o de \u00f3rg\u00e3os de familiares com morte encef\u00e1lica.<\/p>\n\n\n\n<p><strong>Fonte: G1 PI<\/strong><\/p>\n","protected":false},"excerpt":{"rendered":"<p>Aos tr\u00eas meses, o pequeno Maur\u00edcio Jos\u00e9 Luz foi diagnosticado com uma doen\u00e7a renal cr\u00f4nica. Pouco tempo depois, com Hiperoxal\u00faria Prim\u00e1ria Tipo I, um problema metab\u00f3lico raro. Para sobreviver, o menino precisaria de dois transplantes: um do rim e outro do f\u00edgado. E foi em uma amiga de faculdade da m\u00e3e da crian\u00e7a, que a [&hellip;]<\/p>\n","protected":false},"author":1,"featured_media":27042,"comment_status":"open","ping_status":"open","sticky":false,"template":"","format":"standard","meta":{"beyondwords_generate_audio":"","beyondwords_project_id":"","beyondwords_podcast_id":"","beyondwords_hash":"","beyondwords_error_message":"","beyondwords_disabled":"","publish_post_to_speechkit":"","speechkit_generate_audio":"","speechkit_project_id":"","speechkit_podcast_id":"","speechkit_hash":"","speechkit_error_message":"","speechkit_disabled":"","speechkit_access_key":"","speechkit_error":"","speechkit_info":"","speechkit_response":"","speechkit_retries":"","_speechkit_link":"","_speechkit_text":""},"categories":[51],"tags":[1762,122,44,2454,9168,289,350,6465,52,1905,753,3647,8752,96],"jetpack_featured_media_url":"","_links":{"self":[{"href":"https:\/\/pinews.com.br\/index.php\/wp-json\/wp\/v2\/posts\/27041"}],"collection":[{"href":"https:\/\/pinews.com.br\/index.php\/wp-json\/wp\/v2\/posts"}],"about":[{"href":"https:\/\/pinews.com.br\/index.php\/wp-json\/wp\/v2\/types\/post"}],"author":[{"embeddable":true,"href":"https:\/\/pinews.com.br\/index.php\/wp-json\/wp\/v2\/users\/1"}],"replies":[{"embeddable":true,"href":"https:\/\/pinews.com.br\/index.php\/wp-json\/wp\/v2\/comments?post=27041"}],"version-history":[{"count":0,"href":"https:\/\/pinews.com.br\/index.php\/wp-json\/wp\/v2\/posts\/27041\/revisions"}],"wp:featuredmedia":[{"embeddable":true,"href":"https:\/\/pinews.com.br\/index.php\/wp-json\/"}],"wp:attachment":[{"href":"https:\/\/pinews.com.br\/index.php\/wp-json\/wp\/v2\/media?parent=27041"}],"wp:term":[{"taxonomy":"category","embeddable":true,"href":"https:\/\/pinews.com.br\/index.php\/wp-json\/wp\/v2\/categories?post=27041"},{"taxonomy":"post_tag","embeddable":true,"href":"https:\/\/pinews.com.br\/index.php\/wp-json\/wp\/v2\/tags?post=27041"}],"curies":[{"name":"wp","href":"https:\/\/api.w.org\/{rel}","templated":true}]}}