{"id":27059,"date":"2021-09-28T18:06:39","date_gmt":"2021-09-28T21:06:39","guid":{"rendered":"https:\/\/pinews.com.br\/?p=27059"},"modified":"2021-09-28T18:06:39","modified_gmt":"2021-09-28T21:06:39","slug":"acidente-na-pi-que-liga-oeiras-santa-cruz-deixa-um-morto-e-uma-mulher-gravemente-ferida","status":"publish","type":"post","link":"https:\/\/pinews.com.br\/index.php\/2021\/09\/28\/acidente-na-pi-que-liga-oeiras-santa-cruz-deixa-um-morto-e-uma-mulher-gravemente-ferida\/","title":{"rendered":"Acidente na PI que liga Oeiras Santa Cruz deixa um morto e uma mulher gravemente ferida"},"content":{"rendered":"\n<p>Um acidente na manh\u00e3 desta segunda feira, 28, deixou um homem morto e uma mulher gravemente ferida. <\/p>\n\n\n\n<p>O acidente aconteceu na rodovia que liga Oeiras a Santa Cruz do Piau\u00ed,  na altura do povoado Sambaiba. <\/p>\n\n\n\n<p>A v\u00edtima fatal \u00e9 Edson Rodrigues dos Santos, que morreu ainda no local. A mulher, que \u00e9 esposa de Edson foi socorrida pelo SAMU e conduzida a UPA. <\/p>\n\n\n\n<p>De acordo com informa\u00e7\u00f5es, o condutor do ve\u00edculo,dormiu ao volante e perdeu o controle numa curva.<\/p>\n\n\n\n<p><img decoding=\"async\" loading=\"lazy\" src=\"https:\/\/www.muraldavila.com.br\/uploads\/IMG-20210928-WA0022(1).jpg\" width=\"351\" height=\"522\" alt=\"\"><br><img decoding=\"async\" loading=\"lazy\" src=\"https:\/\/www.muraldavila.com.br\/uploads\/IMG-20210928-WA0019.jpg\" width=\"605\" height=\"1076\" alt=\"\"><br><img decoding=\"async\" loading=\"lazy\" src=\"https:\/\/www.muraldavila.com.br\/uploads\/IMG-20210928-WA0017.jpg\" width=\"605\" height=\"1076\" alt=\"\"><br><img decoding=\"async\" loading=\"lazy\" src=\"https:\/\/www.muraldavila.com.br\/uploads\/IMG-20210928-WA0029.jpg\" width=\"605\" height=\"807\" alt=\"\"><img decoding=\"async\" loading=\"lazy\" src=\"https:\/\/www.muraldavila.com.br\/uploads\/IMG-20210928-WA0026.jpg\" width=\"605\" height=\"807\" alt=\"\"><\/p>\n\n\n\n<p>Fotos: Reprodu\u00e7\u00e3o<\/p>\n\n\n\n<p><strong>Fonte: Mural da Vila<\/strong><\/p>\n","protected":false},"excerpt":{"rendered":"<p>Um acidente na manh\u00e3 desta segunda feira, 28, deixou um homem morto e uma mulher gravemente ferida. O acidente aconteceu na rodovia que liga Oeiras a Santa Cruz do Piau\u00ed, na altura do povoado Sambaiba. A v\u00edtima fatal \u00e9 Edson Rodrigues dos Santos, que morreu ainda no local. A mulher, que \u00e9 esposa de Edson [&hellip;]<\/p>\n","protected":false},"author":1,"featured_media":27060,"comment_status":"open","ping_status":"open","sticky":false,"template":"","format":"standard","meta":{"beyondwords_generate_audio":"","beyondwords_project_id":"","beyondwords_podcast_id":"","beyondwords_hash":"","beyondwords_error_message":"","beyondwords_disabled":"","publish_post_to_speechkit":"","speechkit_generate_audio":"","speechkit_project_id":"","speechkit_podcast_id":"","speechkit_hash":"","speechkit_error_message":"","speechkit_disabled":"","speechkit_access_key":"","speechkit_error":"","speechkit_info":"","speechkit_response":"","speechkit_retries":"","_speechkit_link":"","_speechkit_text":""},"categories":[51],"tags":[176,8902,252,554,812,9176,197,135,91,1266,667,7859,436,557],"jetpack_featured_media_url":"","_links":{"self":[{"href":"https:\/\/pinews.com.br\/index.php\/wp-json\/wp\/v2\/posts\/27059"}],"collection":[{"href":"https:\/\/pinews.com.br\/index.php\/wp-json\/wp\/v2\/posts"}],"about":[{"href":"https:\/\/pinews.com.br\/index.php\/wp-json\/wp\/v2\/types\/post"}],"author":[{"embeddable":true,"href":"https:\/\/pinews.com.br\/index.php\/wp-json\/wp\/v2\/users\/1"}],"replies":[{"embeddable":true,"href":"https:\/\/pinews.com.br\/index.php\/wp-json\/wp\/v2\/comments?post=27059"}],"version-history":[{"count":0,"href":"https:\/\/pinews.com.br\/index.php\/wp-json\/wp\/v2\/posts\/27059\/revisions"}],"wp:featuredmedia":[{"embeddable":true,"href":"https:\/\/pinews.com.br\/index.php\/wp-json\/"}],"wp:attachment":[{"href":"https:\/\/pinews.com.br\/index.php\/wp-json\/wp\/v2\/media?parent=27059"}],"wp:term":[{"taxonomy":"category","embeddable":true,"href":"https:\/\/pinews.com.br\/index.php\/wp-json\/wp\/v2\/categories?post=27059"},{"taxonomy":"post_tag","embeddable":true,"href":"https:\/\/pinews.com.br\/index.php\/wp-json\/wp\/v2\/tags?post=27059"}],"curies":[{"name":"wp","href":"https:\/\/api.w.org\/{rel}","templated":true}]}}