{"id":27147,"date":"2021-09-30T10:35:45","date_gmt":"2021-09-30T13:35:45","guid":{"rendered":"https:\/\/pinews.com.br\/?p=27147"},"modified":"2021-09-30T10:35:45","modified_gmt":"2021-09-30T13:35:45","slug":"jovem-e-baleado-e-duas-pessoas-sao-atingidas-por-balas-perdidas-em-tiroteio-na-frente-de-hospital-no-piaui","status":"publish","type":"post","link":"https:\/\/pinews.com.br\/index.php\/2021\/09\/30\/jovem-e-baleado-e-duas-pessoas-sao-atingidas-por-balas-perdidas-em-tiroteio-na-frente-de-hospital-no-piaui\/","title":{"rendered":"Jovem \u00e9 baleado e duas pessoas s\u00e3o atingidas por balas perdidas em tiroteio na frente de hospital no Piau\u00ed"},"content":{"rendered":"\n<p>Jairo da Silva Freitas, de 19 anos, foi baleado com dois tiros de arma de fogo, na noite de quarta-feira (29), na frente do Hospital de Urg\u00eancia de Teresina (HUT), bairro Reden\u00e7\u00e3o, Zona Sul da capital. Outras duas pessoas, acompanhantes de pacientes, que estavam pr\u00f3ximas ao local tamb\u00e9m foram baleadas.<\/p>\n\n\n\n<p>De acordo com testemunhas, Jairo estava transitando na rua quando foi surpreendido por dois homens em uma motocicleta que atiraram cinco vezes contra ele e dois tiros atingiram o jovem.<\/p>\n\n\n\n<p>Os outros disparos atingiram uma mulher que estava em uma lanchonete e um rapaz que aguardava familiares sa\u00edrem do HUT. A mulher foi atingida na orelha e o homem com um tiro de rasp\u00e3o no bra\u00e7o.<\/p>\n\n\n\n<p>Segundo informa\u00e7\u00f5es do hospital, o jovem passou por cirurgia e est\u00e1 fora de risco de morte. O homem que foi baleado no bra\u00e7o passou por uma microcirurgia e recebeu alta da unidade de sa\u00fade. A mulher recebeu atendimento e passa bem.<\/p>\n\n\n\n<p>Ainda n\u00e3o h\u00e1 informa\u00e7\u00f5es sobre a motiva\u00e7\u00e3o do crime. O caso ser\u00e1 investigado pela Pol\u00edcia Civil.<\/p>\n\n\n\n<p><strong>Fonte: G1 PI<\/strong><\/p>\n","protected":false},"excerpt":{"rendered":"<p>Jairo da Silva Freitas, de 19 anos, foi baleado com dois tiros de arma de fogo, na noite de quarta-feira (29), na frente do Hospital de Urg\u00eancia de Teresina (HUT), bairro Reden\u00e7\u00e3o, Zona Sul da capital. Outras duas pessoas, acompanhantes de pacientes, que estavam pr\u00f3ximas ao local tamb\u00e9m foram baleadas. De acordo com testemunhas, Jairo [&hellip;]<\/p>\n","protected":false},"author":1,"featured_media":27148,"comment_status":"open","ping_status":"open","sticky":false,"template":"","format":"standard","meta":{"beyondwords_generate_audio":"","beyondwords_project_id":"","beyondwords_podcast_id":"","beyondwords_hash":"","beyondwords_error_message":"","beyondwords_disabled":"","publish_post_to_speechkit":"","speechkit_generate_audio":"","speechkit_project_id":"","speechkit_podcast_id":"","speechkit_hash":"","speechkit_error_message":"","speechkit_disabled":"","speechkit_access_key":"","speechkit_error":"","speechkit_info":"","speechkit_response":"","speechkit_retries":"","_speechkit_link":"","_speechkit_text":""},"categories":[51,78,81],"tags":[9194,9195,854,44,260,72,46,480,339,266,91,9196,259,52,59,362,773],"jetpack_featured_media_url":"","_links":{"self":[{"href":"https:\/\/pinews.com.br\/index.php\/wp-json\/wp\/v2\/posts\/27147"}],"collection":[{"href":"https:\/\/pinews.com.br\/index.php\/wp-json\/wp\/v2\/posts"}],"about":[{"href":"https:\/\/pinews.com.br\/index.php\/wp-json\/wp\/v2\/types\/post"}],"author":[{"embeddable":true,"href":"https:\/\/pinews.com.br\/index.php\/wp-json\/wp\/v2\/users\/1"}],"replies":[{"embeddable":true,"href":"https:\/\/pinews.com.br\/index.php\/wp-json\/wp\/v2\/comments?post=27147"}],"version-history":[{"count":0,"href":"https:\/\/pinews.com.br\/index.php\/wp-json\/wp\/v2\/posts\/27147\/revisions"}],"wp:featuredmedia":[{"embeddable":true,"href":"https:\/\/pinews.com.br\/index.php\/wp-json\/"}],"wp:attachment":[{"href":"https:\/\/pinews.com.br\/index.php\/wp-json\/wp\/v2\/media?parent=27147"}],"wp:term":[{"taxonomy":"category","embeddable":true,"href":"https:\/\/pinews.com.br\/index.php\/wp-json\/wp\/v2\/categories?post=27147"},{"taxonomy":"post_tag","embeddable":true,"href":"https:\/\/pinews.com.br\/index.php\/wp-json\/wp\/v2\/tags?post=27147"}],"curies":[{"name":"wp","href":"https:\/\/api.w.org\/{rel}","templated":true}]}}