{"id":2715,"date":"2019-12-07T13:56:23","date_gmt":"2019-12-07T16:56:23","guid":{"rendered":"https:\/\/pinews.com.br\/?p=2715"},"modified":"2019-12-07T13:56:23","modified_gmt":"2019-12-07T16:56:23","slug":"homem-e-morto-a-pedradas-pelo-proprio-irmao-enquanto-dormia-em-picos","status":"publish","type":"post","link":"https:\/\/pinews.com.br\/index.php\/2019\/12\/07\/homem-e-morto-a-pedradas-pelo-proprio-irmao-enquanto-dormia-em-picos\/","title":{"rendered":"Homem \u00e9 morto a pedradas pelo pr\u00f3prio irm\u00e3o enquanto dormia em Picos"},"content":{"rendered":"\n<p style=\"text-align:justify\">Um homem foi morto pelo pr\u00f3prio irm\u00e3o na noite de sexta-feira (06\/12), no bairro Morada da Sol, na cidade de Picos. De acordo com os pais da v\u00edtima, identificada como Daniel Santos Cantidio de 35 anos, ele foi asfixiado e depois atingido com v\u00e1rias pedradas na cabe\u00e7a enquanto dormia no quintal de sua casa. As informa\u00e7\u00f5es s\u00e3o do Grande Picos.<\/p>\n\n\n\n<p style=\"text-align:justify\">O suspeito de ter cometido o crime foi identificado por Pedro Santos Cantidio, de 31 anos, irm\u00e3o da v\u00edtima. &nbsp;Segundo a servidora p\u00fablica Gisleide Maria dos Santos Cantidio, m\u00e3e de ambos, os dois sempre tiveram uma rela\u00e7\u00e3o conflituosa e todas as vezes que bebiam, discutiam, mas nunca tinham indo \u00e0s vias de fato. \u201cEles sempre brigavam, principalmente quando estavam b\u00eabados, sempre um jurava o outro de morte\u201d, disse Gislene.<\/p>\n\n\n\n<figure class=\"wp-block-image\"><img decoding=\"async\" src=\"https:\/\/static.meionorte.com\/uploads\/imagens\/2019\/12\/7\/59039429-9098-483b-9dd4-4b311fb91a06-41622b76-4c60-4b32-87b8-1b7ca39adf57.jpg\" alt=\"\"\/><figcaption>V\u00edtima foi asfixiada e morta a pedradas<\/figcaption><\/figure>\n\n\n\n<p style=\"text-align:justify\">J\u00e1 o pai, Francisco Augusto da Silva, relatou que j\u00e1 havia constru\u00eddo outra casa para separar os irm\u00e3os do mesmo teto devido \u00e0s desaven\u00e7as entre os dois. \u201cEles viviam brigando, quando ele matou o irm\u00e3o veio me avisar e eu n\u00e3o acreditei, mas fui l\u00e1 para ver e de fato era verdade\u201d, contou Francisco Augusto.<\/p>\n\n\n\n<p style=\"text-align:justify\">A v\u00edtima j\u00e1 tinha passagem pela pol\u00edcia pelo crime de homic\u00eddio, ele havia assassinado a golpes de faca o catador de lixo identificado como \u201cGaleginho\u201d nas proximidades do lix\u00e3o do povoado Valparaiso. O crime aconteceu no dia 14 de abril de 2014.<\/p>\n\n\n\n<p style=\"text-align:justify\">O corpo j\u00e1 foi liberado do necrot\u00e9rio de Picos. Segundo a fam\u00edlia, o perito orientou que a v\u00edtima fosse sepultada o mais r\u00e1pido poss\u00edvel devido ao estado que ficou ap\u00f3s os golpes. Daniel Cantidio deixa um filho.<\/p>\n\n\n\n<figure class=\"wp-block-image\"><img decoding=\"async\" src=\"https:\/\/static.meionorte.com\/uploads\/imagens\/2019\/12\/7\/1238c045-dca9-4a25-902a-ce9910982156-bd5b0fd3-16b6-4cb9-a594-ae5029840eb1.jpg\" alt=\"\"\/><figcaption>Acusado do crime \u00e9 o pr\u00f3prio irm\u00e3o da v\u00edtima<\/figcaption><\/figure>\n\n\n\n<figure class=\"wp-block-image\"><img decoding=\"async\" src=\"https:\/\/static.meionorte.com\/uploads\/imagens\/2019\/12\/7\/dc2132cb-b729-4a94-b0c6-45b3faf9bec4-f5957dfa-61a7-452f-b4d0-9fffc2ae27d5.jpg\" alt=\"\"\/><\/figure>\n\n\n\n<figure class=\"wp-block-image\"><img decoding=\"async\" src=\"https:\/\/static.meionorte.com\/uploads\/imagens\/2019\/12\/7\/2c9e508f-f1ce-4cc3-b133-b31379f7bd4f-66fde949-16f6-4ebf-94b2-9176ff30e5c4.jpg\" alt=\"\"\/><\/figure>\n\n\n\n<figure class=\"wp-block-image\"><img decoding=\"async\" src=\"https:\/\/static.meionorte.com\/uploads\/imagens\/2019\/12\/7\/3f05fbd8-7a89-4738-82e2-e7c01fc3c1f4-d4e5b44e-4d92-459c-a6d9-c0e1dfe9ad4b.jpg\" alt=\"\"\/><figcaption><br><br><\/figcaption><\/figure>\n\n\n\n<p>Fotos: Reprodu\u00e7\u00e3o <\/p>\n\n\n\n<p><strong>Fonte: Meio Norte<\/strong> <\/p>\n\n\n\n<p><strong>Com informa\u00e7\u00f5es do Grande Picos<\/strong><\/p>\n","protected":false},"excerpt":{"rendered":"<p>Um homem foi morto pelo pr\u00f3prio irm\u00e3o na noite de sexta-feira (06\/12), no bairro Morada da Sol, na cidade de Picos. De acordo com os pais da v\u00edtima, identificada como Daniel Santos Cantidio de 35 anos, ele foi asfixiado e depois atingido com v\u00e1rias pedradas na cabe\u00e7a enquanto dormia no quintal de sua casa. As [&hellip;]<\/p>\n","protected":false},"author":1,"featured_media":2716,"comment_status":"open","ping_status":"open","sticky":false,"template":"","format":"standard","meta":{"beyondwords_generate_audio":"","beyondwords_project_id":"","beyondwords_podcast_id":"","beyondwords_hash":"","beyondwords_error_message":"","beyondwords_disabled":"","publish_post_to_speechkit":"","speechkit_generate_audio":"","speechkit_project_id":"","speechkit_podcast_id":"","speechkit_hash":"","speechkit_error_message":"","speechkit_disabled":"","speechkit_access_key":"","speechkit_error":"","speechkit_info":"","speechkit_response":"","speechkit_retries":"","_speechkit_link":"","_speechkit_text":""},"categories":[1184,124,51,126,78],"tags":[1723,84,1265,197,52,125],"jetpack_featured_media_url":"","_links":{"self":[{"href":"https:\/\/pinews.com.br\/index.php\/wp-json\/wp\/v2\/posts\/2715"}],"collection":[{"href":"https:\/\/pinews.com.br\/index.php\/wp-json\/wp\/v2\/posts"}],"about":[{"href":"https:\/\/pinews.com.br\/index.php\/wp-json\/wp\/v2\/types\/post"}],"author":[{"embeddable":true,"href":"https:\/\/pinews.com.br\/index.php\/wp-json\/wp\/v2\/users\/1"}],"replies":[{"embeddable":true,"href":"https:\/\/pinews.com.br\/index.php\/wp-json\/wp\/v2\/comments?post=2715"}],"version-history":[{"count":0,"href":"https:\/\/pinews.com.br\/index.php\/wp-json\/wp\/v2\/posts\/2715\/revisions"}],"wp:featuredmedia":[{"embeddable":true,"href":"https:\/\/pinews.com.br\/index.php\/wp-json\/"}],"wp:attachment":[{"href":"https:\/\/pinews.com.br\/index.php\/wp-json\/wp\/v2\/media?parent=2715"}],"wp:term":[{"taxonomy":"category","embeddable":true,"href":"https:\/\/pinews.com.br\/index.php\/wp-json\/wp\/v2\/categories?post=2715"},{"taxonomy":"post_tag","embeddable":true,"href":"https:\/\/pinews.com.br\/index.php\/wp-json\/wp\/v2\/tags?post=2715"}],"curies":[{"name":"wp","href":"https:\/\/api.w.org\/{rel}","templated":true}]}}