{"id":27157,"date":"2021-09-30T19:09:17","date_gmt":"2021-09-30T22:09:17","guid":{"rendered":"https:\/\/pinews.com.br\/?p=27157"},"modified":"2021-09-30T19:09:17","modified_gmt":"2021-09-30T22:09:17","slug":"governo-federal-descarta-retorno-do-horario-de-verao","status":"publish","type":"post","link":"https:\/\/pinews.com.br\/index.php\/2021\/09\/30\/governo-federal-descarta-retorno-do-horario-de-verao\/","title":{"rendered":"Governo federal descarta retorno do hor\u00e1rio de ver\u00e3o"},"content":{"rendered":"\n<p>Ap\u00f3s semanas de press\u00e3o e novos estudos, o ministro de Minas e Energia, Bento Albuquerque, descartou nesta quinta-feira (30) a retomada do hor\u00e1rio de ver\u00e3o, programa extinto em 2019 pelo presidente Jair Bolsonaro (sem partido).<\/p>\n\n\n\n<p>&#8220;O hor\u00e1rio de ver\u00e3o n\u00e3o se faz necess\u00e1rio no que diz respeito \u00e0 economia de energia&#8221;, disse o ministro, em entrevista ap\u00f3s inaugura\u00e7\u00e3o de t\u00e9rmica em S\u00e3o Jo\u00e3o da Barra (RJ), a 320 quil\u00f4metros do Rio de Janeiro. &#8220;[O programa] n\u00e3o foi renovado em 2019 e permanece da forma como est\u00e1.&#8221;<\/p>\n\n\n\n<p>O governo vinha recebendo press\u00f5es de setores da economia pela retomada do hor\u00e1rio de ver\u00e3o como medida para aliviar a press\u00e3o sobre os reservat\u00f3rios das hidrel\u00e9tricas durante o pior per\u00edodo da crise h\u00eddrica, enquanto as chuvas de ver\u00e3o n\u00e3o chegam.<\/p>\n\n\n\n<p>Setores como o de turismo, servi\u00e7os e shoppings centers veem tamb\u00e9m no programa uma maneira de melhorar os neg\u00f3cios com uma hora a mais de claridade durante o dia.<\/p>\n\n\n\n<p>Pesquisa Datafolha divulgada na semana passada mostrou que mais da metade dos brasileiros \u00e9 a favor da volta do hor\u00e1rio de ver\u00e3o: segundo o instituto, 55% apoiam a iniciativa, que \u00e9 rejeitada por 38%. Os demais s\u00e3o indiferentes ou n\u00e3o souberam responder.<\/p>\n\n\n\n<p>Diante da crise h\u00eddrica, o governo chegou a pedir ao ONS (Operador Nacional do Sistema El\u00e9trico) novos estudos sobre a efic\u00e1cia do programa, que concluiu que o retorno do programa n\u00e3o traria impactos no enfrentamento da crise energ\u00e9tica.<\/p>\n\n\n\n<p>Os resultados do estudo s\u00e3o semelhantes \u00e0queles que justificaram o fim do hor\u00e1rio de ver\u00e3o: com a populariza\u00e7\u00e3o dos aparelhos de ar condicionado, o pico do consumo foi deslocado para o in\u00edcio da tarde, quando faz mais calor.<\/p>\n\n\n\n<p>Por isso, n\u00e3o h\u00e1 mais grande economia em retardar o p\u00f4r-do-sol. Antes da mudan\u00e7a do perfil de consumo residencial, o pico ocorria no in\u00edcio da noite, quando empresas e ind\u00fastrias ainda funcionavam e mais pessoas estavam em casa utilizando eletrodom\u00e9sticos.<\/p>\n\n\n\n<p>Em S\u00e3o Jo\u00e3o da Barra, o ministro de Minas e Energia participou de solenidade de inaugura\u00e7\u00e3o da t\u00e9rmica GNA-1, a segunda maior do pa\u00eds, que iniciou as opera\u00e7\u00f5es na semana passada ap\u00f3s atrasos no cronograma provocados pela pandemia e por problemas t\u00e9cnicos.<\/p>\n\n\n\n<p>Com capacidade para gerar 1.338 MW (megawatts), a usina foi celebrada como um refor\u00e7o ao sistema el\u00e9trico neste momento de crise h\u00eddrica. Quatro dias ap\u00f3s sua inaugura\u00e7\u00e3o, por\u00e9m, teve as opera\u00e7\u00f5es paralisadas por dois dias ap\u00f3s apresentar problemas em equipamento.<\/p>\n\n\n\n<p>Segundo dados do ONS, a usina n\u00e3o tem entregado toda sua capacidade nos \u00faltimos dias. Na quarta (29), tinha uma capacidade dispon\u00edvel de 860 MW e deixou de gerar por pouco mais de uma hora durante a noite. Na m\u00e9dia do dia, sua gera\u00e7\u00e3o ficou em 720 MW.<\/p>\n\n\n\n<p>A GNA (G\u00e1s Natural A\u00e7u), sua operadora, anunciou nesta quinta o in\u00edcio das obras da segunda usina do complexo, que ter\u00e1 1,7 mil MW de capacidade, tornando o Porto do A\u00e7u, no litoral norte do Rio, o maior complexo de gera\u00e7\u00e3o de energia t\u00e9rmica do pa\u00eds.<\/p>\n\n\n\n<p>O evento em S\u00e3o Jo\u00e3o da Barra foi usado pelo MME no esfor\u00e7o para apresentar feitos dos mil dias do governo Jair Bolsonaro. Dois v\u00eddeos com realiza\u00e7\u00f5es do governo foram exibidos e o ministro usou seu discurso para apresentar um balan\u00e7o de sua gest\u00e3o.<\/p>\n\n\n\n<p>O palco, que recebeu o governador do estado, Cl\u00e1udio Castro (PL), deputados fluminenses de autoridades do setor el\u00e9trico, estava decorado com o logotipo da campanha dos mil dias de governo.<\/p>\n\n\n\n<p><strong>Fonte: Folhapress<\/strong><\/p>\n","protected":false},"excerpt":{"rendered":"<p>Ap\u00f3s semanas de press\u00e3o e novos estudos, o ministro de Minas e Energia, Bento Albuquerque, descartou nesta quinta-feira (30) a retomada do hor\u00e1rio de ver\u00e3o, programa extinto em 2019 pelo presidente Jair Bolsonaro (sem partido). &#8220;O hor\u00e1rio de ver\u00e3o n\u00e3o se faz necess\u00e1rio no que diz respeito \u00e0 economia de energia&#8221;, disse o ministro, em [&hellip;]<\/p>\n","protected":false},"author":1,"featured_media":27158,"comment_status":"open","ping_status":"open","sticky":false,"template":"","format":"standard","meta":{"beyondwords_generate_audio":"","beyondwords_project_id":"","beyondwords_podcast_id":"","beyondwords_hash":"","beyondwords_error_message":"","beyondwords_disabled":"","publish_post_to_speechkit":"","speechkit_generate_audio":"","speechkit_project_id":"","speechkit_podcast_id":"","speechkit_hash":"","speechkit_error_message":"","speechkit_disabled":"","speechkit_access_key":"","speechkit_error":"","speechkit_info":"","speechkit_response":"","speechkit_retries":"","_speechkit_link":"","_speechkit_text":""},"categories":[134],"tags":[44,6810,5461,458,6181,5524,6183],"jetpack_featured_media_url":"","_links":{"self":[{"href":"https:\/\/pinews.com.br\/index.php\/wp-json\/wp\/v2\/posts\/27157"}],"collection":[{"href":"https:\/\/pinews.com.br\/index.php\/wp-json\/wp\/v2\/posts"}],"about":[{"href":"https:\/\/pinews.com.br\/index.php\/wp-json\/wp\/v2\/types\/post"}],"author":[{"embeddable":true,"href":"https:\/\/pinews.com.br\/index.php\/wp-json\/wp\/v2\/users\/1"}],"replies":[{"embeddable":true,"href":"https:\/\/pinews.com.br\/index.php\/wp-json\/wp\/v2\/comments?post=27157"}],"version-history":[{"count":0,"href":"https:\/\/pinews.com.br\/index.php\/wp-json\/wp\/v2\/posts\/27157\/revisions"}],"wp:featuredmedia":[{"embeddable":true,"href":"https:\/\/pinews.com.br\/index.php\/wp-json\/"}],"wp:attachment":[{"href":"https:\/\/pinews.com.br\/index.php\/wp-json\/wp\/v2\/media?parent=27157"}],"wp:term":[{"taxonomy":"category","embeddable":true,"href":"https:\/\/pinews.com.br\/index.php\/wp-json\/wp\/v2\/categories?post=27157"},{"taxonomy":"post_tag","embeddable":true,"href":"https:\/\/pinews.com.br\/index.php\/wp-json\/wp\/v2\/tags?post=27157"}],"curies":[{"name":"wp","href":"https:\/\/api.w.org\/{rel}","templated":true}]}}