{"id":27284,"date":"2021-10-04T19:01:31","date_gmt":"2021-10-04T22:01:31","guid":{"rendered":"https:\/\/pinews.com.br\/?p=27284"},"modified":"2021-10-04T19:01:31","modified_gmt":"2021-10-04T22:01:31","slug":"acidente-entre-caminhao-e-motocicleta-deixa-uma-pessoa-morta-em-campo-grande-do-piaui","status":"publish","type":"post","link":"https:\/\/pinews.com.br\/index.php\/2021\/10\/04\/acidente-entre-caminhao-e-motocicleta-deixa-uma-pessoa-morta-em-campo-grande-do-piaui\/","title":{"rendered":"Acidente entre caminh\u00e3o e motocicleta deixa uma pessoa morta em Campo Grande do Piau\u00ed"},"content":{"rendered":"\n<p>Um motociclista, de identidade n\u00e3o revelada, de 53 anos, morreu na noite de domingo (3) ap\u00f3s a colis\u00e3o frontal com um ve\u00edculo de carga na BR 316, em Campo Grande do Piau\u00ed, a 362 km de Teresina.<\/p>\n\n\n\n<p>A Pol\u00edcia Rodovi\u00e1ria Federal no Piau\u00ed (PRF-PI) informou que o acidente ocorreu por volta das 20h, ap\u00f3s o motociclista invadir a faixa contr\u00e1ria onde estava o caminh\u00e3o.<\/p>\n\n\n\n<p>\u201cOs policiais estiveram no local do acidente e verificaram que o ve\u00edculo de carga seguia no sentido Campo Grande do Piau\u00ed\/ Vila Nova do Piau\u00ed quando teve sua faixa invadida pelo condutor da motocicleta que vinha em sentido contr\u00e1rio\u201d, informou a PRF.<\/p>\n\n\n\n<figure class=\"wp-block-image\"><img decoding=\"async\" src=\"https:\/\/s2.glbimg.com\/8TIC0bTKYR2T7KasDse9RFw85a8=\/0x0:1599x1200\/984x0\/smart\/filters:strip_icc()\/i.s3.glbimg.com\/v1\/AUTH_59edd422c0c84a879bd37670ae4f538a\/internal_photos\/bs\/2021\/x\/w\/f6UEABTyeykQNug7VfBw\/56875ba3-605d-4b32-a5c7-df182a19bdb2.jpg\" alt=\"Caminh\u00e3o ap\u00f3s colis\u00e3o na BR 316 no Piau\u00ed \u2014 Foto: PRF\/Divulga\u00e7\u00e3o\"\/><figcaption>Caminh\u00e3o ap\u00f3s colis\u00e3o na BR 316 no Piau\u00ed \u2014 Foto: PRF\/Divulga\u00e7\u00e3o<\/figcaption><\/figure>\n\n\n\n<p>Ap\u00f3s a colis\u00e3o frontal, o motociclista n\u00e3o resistiu aos ferimentos e morreu ainda no local. O motorista do caminh\u00e3o, de 34 anos, n\u00e3o ficou ferido.<\/p>\n\n\n\n<p>A PRF informou que o condutor da moto n\u00e3o usava capacete de seguran\u00e7a e estava com a Carteira Nacional de Habilita\u00e7\u00e3o (CNH) vencida.<\/p>\n\n\n\n<p><strong>Fonte: G1 PI<\/strong><\/p>\n","protected":false},"excerpt":{"rendered":"<p>Um motociclista, de identidade n\u00e3o revelada, de 53 anos, morreu na noite de domingo (3) ap\u00f3s a colis\u00e3o frontal com um ve\u00edculo de carga na BR 316, em Campo Grande do Piau\u00ed, a 362 km de Teresina. A Pol\u00edcia Rodovi\u00e1ria Federal no Piau\u00ed (PRF-PI) informou que o acidente ocorreu por volta das 20h, ap\u00f3s o [&hellip;]<\/p>\n","protected":false},"author":1,"featured_media":27285,"comment_status":"open","ping_status":"open","sticky":false,"template":"","format":"standard","meta":{"beyondwords_generate_audio":"","beyondwords_project_id":"","beyondwords_podcast_id":"","beyondwords_hash":"","beyondwords_error_message":"","beyondwords_disabled":"","publish_post_to_speechkit":"","speechkit_generate_audio":"","speechkit_project_id":"","speechkit_podcast_id":"","speechkit_hash":"","speechkit_error_message":"","speechkit_disabled":"","speechkit_access_key":"","speechkit_error":"","speechkit_info":"","speechkit_response":"","speechkit_retries":"","_speechkit_link":"","_speechkit_text":""},"categories":[263,124,51],"tags":[176,188,6300,252,46,178,6074,481,179,556,52,557],"jetpack_featured_media_url":"","_links":{"self":[{"href":"https:\/\/pinews.com.br\/index.php\/wp-json\/wp\/v2\/posts\/27284"}],"collection":[{"href":"https:\/\/pinews.com.br\/index.php\/wp-json\/wp\/v2\/posts"}],"about":[{"href":"https:\/\/pinews.com.br\/index.php\/wp-json\/wp\/v2\/types\/post"}],"author":[{"embeddable":true,"href":"https:\/\/pinews.com.br\/index.php\/wp-json\/wp\/v2\/users\/1"}],"replies":[{"embeddable":true,"href":"https:\/\/pinews.com.br\/index.php\/wp-json\/wp\/v2\/comments?post=27284"}],"version-history":[{"count":0,"href":"https:\/\/pinews.com.br\/index.php\/wp-json\/wp\/v2\/posts\/27284\/revisions"}],"wp:featuredmedia":[{"embeddable":true,"href":"https:\/\/pinews.com.br\/index.php\/wp-json\/"}],"wp:attachment":[{"href":"https:\/\/pinews.com.br\/index.php\/wp-json\/wp\/v2\/media?parent=27284"}],"wp:term":[{"taxonomy":"category","embeddable":true,"href":"https:\/\/pinews.com.br\/index.php\/wp-json\/wp\/v2\/categories?post=27284"},{"taxonomy":"post_tag","embeddable":true,"href":"https:\/\/pinews.com.br\/index.php\/wp-json\/wp\/v2\/tags?post=27284"}],"curies":[{"name":"wp","href":"https:\/\/api.w.org\/{rel}","templated":true}]}}