{"id":2729,"date":"2019-12-08T12:12:37","date_gmt":"2019-12-08T15:12:37","guid":{"rendered":"https:\/\/pinews.com.br\/?p=2729"},"modified":"2019-12-08T12:12:37","modified_gmt":"2019-12-08T15:12:37","slug":"no-piaui-homens-tem-7-vezes-menos-chances-de-completar-25-anos-do-que-as-mulheres","status":"publish","type":"post","link":"https:\/\/pinews.com.br\/index.php\/2019\/12\/08\/no-piaui-homens-tem-7-vezes-menos-chances-de-completar-25-anos-do-que-as-mulheres\/","title":{"rendered":"No Piau\u00ed, homens t\u00eam 7 vezes menos chances de completar 25 anos do que as mulheres"},"content":{"rendered":"\n<p>Foto: Reprodu\u00e7\u00e3o <\/p>\n\n\n\n<p style=\"text-align:justify\">Em 10 anos, o n\u00famero de \u00f3bitos de causas n\u00e3o naturais aumentou em 77% para os homens com idade entre 15 e 24 anos no Piau\u00ed. Os dados foram divulgados pelo Instituto Brasileiro de Geografia e Estat\u00edstica (IBGE), nesta semana.&nbsp;<\/p>\n\n\n\n<p style=\"text-align:justify\">Mortes por causas n\u00e3o naturais s\u00e3o ocasionadas por fatores externos, mas n\u00e3o necessariamente por atos violentos. Pode-se citar como exemplos de mortes n\u00e3o naturais aquelas provocadas por homic\u00eddios, suic\u00eddios, acidentes de tr\u00e2nsito, afogamentos, quedas acidentais, etc.<\/p>\n\n\n\n<p style=\"text-align:justify\">Essas causas externas afetam mais homens do que mulheres de modo geral. No Piau\u00ed, 85,13% dos mortos por causas n\u00e3o naturais eram do sexo masculino em 2018.&nbsp;<\/p>\n\n\n\n<p style=\"text-align:justify\">A maior parte desses falecidos tinham entre 20 e 24 anos na ocasi\u00e3o da morte.&nbsp;<\/p>\n\n\n\n<p style=\"text-align:justify\">Estatisticamente, um homem nessa faixa et\u00e1ria, no Piau\u00ed, tem aproximadamente 7 vezes menos chances de completar 25 anos em rela\u00e7\u00e3o \u00e0s mulheres com a mesma idade.<\/p>\n\n\n\n<p style=\"text-align:justify\">Considerando-se apenas a varia\u00e7\u00e3o entre os anos de 2017 e 2018, houve diminui\u00e7\u00e3o de 2,16% no n\u00famero de \u00f3bitos por causas n\u00e3o naturais no Piau\u00ed. A redu\u00e7\u00e3o ocorreu apesar do aumento de 0,82% na quantidade total de mortes entre um ano e outro.<ins><\/ins><\/p>\n\n\n\n<p style=\"text-align:justify\">Em compara\u00e7\u00e3o \u00e0s demais unidades da federa\u00e7\u00e3o, o Piau\u00ed \u00e9 o 12\u00ba com maior percentual de mortes por causas n\u00e3o naturais do Brasil. No Estado, 9,89% dos \u00f3bitos ocorridos em 2018 foram motivados por causas externas.&nbsp;<br>J\u00e1 em rela\u00e7\u00e3o aos estados da regi\u00e3o Nordeste, o percentual do Piau\u00ed \u00e9 o terceiro menor.&nbsp;<\/p>\n\n\n\n<figure class=\"wp-block-image\"><img decoding=\"async\" src=\"https:\/\/cidadeverde.com\/assets\/uploads\/noticias\/d385fbf0ed41f08b18a05953998b74cf.jpg\" alt=\"\"\/><\/figure>\n\n\n\n<p><strong>Mortes durante a gesta\u00e7\u00e3o&nbsp; &nbsp;<\/strong><\/p>\n\n\n\n<p style=\"text-align:justify\">Entre 2008 e 2018, houve aumento de 42,19% nas ocorr\u00eancias de \u00f3bitos fetais no Piau\u00ed. O menor n\u00famero foi registrado em 2010, com 222 casos, enquanto a maior quantidade ocorreu em 2018, com 337 \u00f3bitos.&nbsp;<br>Desde 2016, o quantitativo est\u00e1 em constante alta no Estado.<\/p>\n\n\n\n<p style=\"text-align:justify\">Dentre os \u00f3bitos fetais ocorridos no Piau\u00ed, em 2018, cerca de 33% aconteceram j\u00e1 com a gesta\u00e7\u00e3o avan\u00e7ada, entre a 33\u00aa e a 36\u00aa semana. Tamb\u00e9m observa-se que em 24,62% dos casos a m\u00e3e estava na faixa et\u00e1ria entre 30 e 34 anos.&nbsp;&nbsp;<\/p>\n\n\n\n<figure class=\"wp-block-image\"><img decoding=\"async\" src=\"https:\/\/cidadeverde.com\/assets\/uploads\/noticias\/fca4f7b5f1607f0601896c382bda7e49.jpg\" alt=\"\"\/><\/figure>\n\n\n\n<p><strong>Fonte: Cidade Verde<\/strong> <\/p>\n","protected":false},"excerpt":{"rendered":"<p>Foto: Reprodu\u00e7\u00e3o Em 10 anos, o n\u00famero de \u00f3bitos de causas n\u00e3o naturais aumentou em 77% para os homens com idade entre 15 e 24 anos no Piau\u00ed. Os dados foram divulgados pelo Instituto Brasileiro de Geografia e Estat\u00edstica (IBGE), nesta semana.&nbsp; Mortes por causas n\u00e3o naturais s\u00e3o ocasionadas por fatores externos, mas n\u00e3o necessariamente [&hellip;]<\/p>\n","protected":false},"author":1,"featured_media":2730,"comment_status":"open","ping_status":"open","sticky":false,"template":"","format":"standard","meta":{"beyondwords_generate_audio":"","beyondwords_project_id":"","beyondwords_podcast_id":"","beyondwords_hash":"","beyondwords_error_message":"","beyondwords_disabled":"","publish_post_to_speechkit":"","speechkit_generate_audio":"","speechkit_project_id":"","speechkit_podcast_id":"","speechkit_hash":"","speechkit_error_message":"","speechkit_disabled":"","speechkit_access_key":"","speechkit_error":"","speechkit_info":"","speechkit_response":"","speechkit_retries":"","_speechkit_link":"","_speechkit_text":""},"categories":[1184,134,51],"tags":[1727,108,1728,52],"jetpack_featured_media_url":"","_links":{"self":[{"href":"https:\/\/pinews.com.br\/index.php\/wp-json\/wp\/v2\/posts\/2729"}],"collection":[{"href":"https:\/\/pinews.com.br\/index.php\/wp-json\/wp\/v2\/posts"}],"about":[{"href":"https:\/\/pinews.com.br\/index.php\/wp-json\/wp\/v2\/types\/post"}],"author":[{"embeddable":true,"href":"https:\/\/pinews.com.br\/index.php\/wp-json\/wp\/v2\/users\/1"}],"replies":[{"embeddable":true,"href":"https:\/\/pinews.com.br\/index.php\/wp-json\/wp\/v2\/comments?post=2729"}],"version-history":[{"count":0,"href":"https:\/\/pinews.com.br\/index.php\/wp-json\/wp\/v2\/posts\/2729\/revisions"}],"wp:featuredmedia":[{"embeddable":true,"href":"https:\/\/pinews.com.br\/index.php\/wp-json\/"}],"wp:attachment":[{"href":"https:\/\/pinews.com.br\/index.php\/wp-json\/wp\/v2\/media?parent=2729"}],"wp:term":[{"taxonomy":"category","embeddable":true,"href":"https:\/\/pinews.com.br\/index.php\/wp-json\/wp\/v2\/categories?post=2729"},{"taxonomy":"post_tag","embeddable":true,"href":"https:\/\/pinews.com.br\/index.php\/wp-json\/wp\/v2\/tags?post=2729"}],"curies":[{"name":"wp","href":"https:\/\/api.w.org\/{rel}","templated":true}]}}