{"id":27296,"date":"2021-10-05T10:30:52","date_gmt":"2021-10-05T13:30:52","guid":{"rendered":"https:\/\/pinews.com.br\/?p=27296"},"modified":"2021-10-05T10:30:52","modified_gmt":"2021-10-05T13:30:52","slug":"wellington-dias-analisa-com-comite-cientifico-a-possibilidade-de-ter-natal-sem-mascara","status":"publish","type":"post","link":"https:\/\/pinews.com.br\/index.php\/2021\/10\/05\/wellington-dias-analisa-com-comite-cientifico-a-possibilidade-de-ter-natal-sem-mascara\/","title":{"rendered":"Wellington Dias analisa com Comit\u00ea Cient\u00edfico a possibilidade de ter \u201cNatal sem m\u00e1scara\u201d"},"content":{"rendered":"\n<p>Pela primeira vez, o governador Wellington Dias (PT) admitiu que se houver condi\u00e7\u00f5es de controle da pandemia, um decreto &#8220;dos seus sonhos&#8221; \u00e9 anunciar o \u201cNatal sem m\u00e1scara\u201d.<\/p>\n\n\n\n<p>O governador disse que analisa com o Comit\u00ea Cient\u00edfico do Nordeste \u2013 composto por cientistas e m\u00e9dicos de todo o Pa\u00eds \u2013 as condi\u00e7\u00f5es para que os estados, j\u00e1 no final do ano, flexibilizem o uso de m\u00e1scara em ambientes abertos.&nbsp;<\/p>\n\n\n\n<p>\u201cQual foi a pergunta que fizemos ao Comit\u00ea Cient\u00edfico? Qual \u00e9 o patamar seguro que devemos alcan\u00e7ar para que a gente possa, por exemplo, ter um Natal sem m\u00e1scara, j\u00e1 pararam para pensar? Eu sonho todo dia. \u00c9 o decreto dos meus sonhos\u201d, disse o governador durante solenidade em que anunciou a antecipa\u00e7\u00e3o do pagamento da segunda parcela do 13\u00ba sal\u00e1rio do funcionalismo estadual.<\/p>\n\n\n\n<p>O novo decreto do governador, publicado neste domingo, vale por 30 dias e autoriza o funcionamento de eventos com 500 pessoas e o retorno das aulas presenciais.<\/p>\n\n\n\n<p>De acordo com o governador, o retorno das aulas presenciais \u00e9 de acordo com a realidade dos munic\u00edpios. Ele disse que est\u00e1 atento a alguns munic\u00edpios com registro de aumento de casos de covid-19 como as regi\u00f5es de Floriano, Uru\u00e7ui e Ribeiro Gon\u00e7alves.&nbsp;<\/p>\n\n\n\n<p>Na coletiva, o governador disse que estava chegando de Bras\u00edlia e tratou sobre a situa\u00e7\u00e3o do abastecimento dos ingredientes farmac\u00eauticos ativos (IFAs), mat\u00e9ria-prima fundamental para a fabrica\u00e7\u00e3o de doses de vacinas contra o coronav\u00edrus.<\/p>\n\n\n\n<p>\u201cEstamos com um estoque produzido no Brasil e n\u00e3o liberado, para a Fiocruz e o&nbsp; Butantan. Inclusive o Piau\u00ed comprou vacinas do Butantan, isso garante que a gente possa acelerar a segunda dose para quem n\u00e3o tomou\u201d, disse Dias.&nbsp;<\/p>\n\n\n\n<p>O governador destacou ainda que devido o maior intervalo de tempo exigido pela vacina Astrazeneca (10 semanas), a segunda dose do imunizante precisa avan\u00e7ar para esse p\u00fablico.&nbsp;<\/p>\n\n\n\n<p>Dias informou que na Argentina, a Coronavac est\u00e1 sendo usada para crian\u00e7as acima de tr\u00eas anos de idade e a Pfizer acima de 5 anos.&nbsp;&nbsp;<\/p>\n\n\n\n<p><strong>Fonte: Flash Yala Sena\/ Cidade Verde<\/strong><\/p>\n","protected":false},"excerpt":{"rendered":"<p>Pela primeira vez, o governador Wellington Dias (PT) admitiu que se houver condi\u00e7\u00f5es de controle da pandemia, um decreto &#8220;dos seus sonhos&#8221; \u00e9 anunciar o \u201cNatal sem m\u00e1scara\u201d. O governador disse que analisa com o Comit\u00ea Cient\u00edfico do Nordeste \u2013 composto por cientistas e m\u00e9dicos de todo o Pa\u00eds \u2013 as condi\u00e7\u00f5es para que os [&hellip;]<\/p>\n","protected":false},"author":1,"featured_media":27297,"comment_status":"open","ping_status":"open","sticky":false,"template":"","format":"standard","meta":{"beyondwords_generate_audio":"","beyondwords_project_id":"","beyondwords_podcast_id":"","beyondwords_hash":"","beyondwords_error_message":"","beyondwords_disabled":"","publish_post_to_speechkit":"","speechkit_generate_audio":"","speechkit_project_id":"","speechkit_podcast_id":"","speechkit_hash":"","speechkit_error_message":"","speechkit_disabled":"","speechkit_access_key":"","speechkit_error":"","speechkit_info":"","speechkit_response":"","speechkit_retries":"","_speechkit_link":"","_speechkit_text":""},"categories":[51],"tags":[8100,9228,5809,44,787,1740,7070,9229,975,521,5484],"jetpack_featured_media_url":"","_links":{"self":[{"href":"https:\/\/pinews.com.br\/index.php\/wp-json\/wp\/v2\/posts\/27296"}],"collection":[{"href":"https:\/\/pinews.com.br\/index.php\/wp-json\/wp\/v2\/posts"}],"about":[{"href":"https:\/\/pinews.com.br\/index.php\/wp-json\/wp\/v2\/types\/post"}],"author":[{"embeddable":true,"href":"https:\/\/pinews.com.br\/index.php\/wp-json\/wp\/v2\/users\/1"}],"replies":[{"embeddable":true,"href":"https:\/\/pinews.com.br\/index.php\/wp-json\/wp\/v2\/comments?post=27296"}],"version-history":[{"count":0,"href":"https:\/\/pinews.com.br\/index.php\/wp-json\/wp\/v2\/posts\/27296\/revisions"}],"wp:featuredmedia":[{"embeddable":true,"href":"https:\/\/pinews.com.br\/index.php\/wp-json\/"}],"wp:attachment":[{"href":"https:\/\/pinews.com.br\/index.php\/wp-json\/wp\/v2\/media?parent=27296"}],"wp:term":[{"taxonomy":"category","embeddable":true,"href":"https:\/\/pinews.com.br\/index.php\/wp-json\/wp\/v2\/categories?post=27296"},{"taxonomy":"post_tag","embeddable":true,"href":"https:\/\/pinews.com.br\/index.php\/wp-json\/wp\/v2\/tags?post=27296"}],"curies":[{"name":"wp","href":"https:\/\/api.w.org\/{rel}","templated":true}]}}