{"id":27341,"date":"2021-10-06T19:17:38","date_gmt":"2021-10-06T22:17:38","guid":{"rendered":"https:\/\/pinews.com.br\/?p=27341"},"modified":"2021-10-06T19:17:38","modified_gmt":"2021-10-06T22:17:38","slug":"piaui-e-mais-uma-vez-o-maior-produtor-de-po-de-carnauba-do-pais-aponta-pesquisa-do-ibge","status":"publish","type":"post","link":"https:\/\/pinews.com.br\/index.php\/2021\/10\/06\/piaui-e-mais-uma-vez-o-maior-produtor-de-po-de-carnauba-do-pais-aponta-pesquisa-do-ibge\/","title":{"rendered":"Piau\u00ed \u00e9 mais uma vez o maior produtor de p\u00f3 de carna\u00faba do pa\u00eds, aponta pesquisa do IBGE"},"content":{"rendered":"\n<p>Uma pesquisa divulgada pelo Instituto Brasileiro de Geografia e Estat\u00edstica (IBGE) apontou que o Piau\u00ed continua sendo o maior produtor de p\u00f3 de carna\u00faba do Brasil. Desde 1998, o estado se mant\u00e9m na lideran\u00e7a da produ\u00e7\u00e3o dele no pa\u00eds.<\/p>\n\n\n\n<p>Conforme o \u00f3rg\u00e3o, o Piau\u00ed gerou 55% da produ\u00e7\u00e3o total de p\u00f3 de carna\u00faba do Brasil, que atingiu 19,4 mil toneladas em 2020. O montante obtido com o produto no estado, cerca de R$ 133 milh\u00f5es, equivale a 56,6% do valor total gerado no pa\u00eds.<\/p>\n\n\n\n<p>Al\u00e9m do Piau\u00ed, apenas o Cear\u00e1, Maranh\u00e3o, Rio Grande do Norte e Para\u00edba registraram produ\u00e7\u00e3o do p\u00f3 de carna\u00faba no ano passado.<\/p>\n\n\n\n<p>Entretanto, apesar de o Piau\u00ed ser o estado com maior produ\u00e7\u00e3o do pa\u00eds, as tr\u00eas cidades com maior volume s\u00e3o do Cear\u00e1. S\u00e3o elas: Granja, Camocim e Corea\u00fa. Na quarta e quinta posi\u00e7\u00e3o, respectivamente, est\u00e3o os munic\u00edpios piauienses Piracuruca e <a href=\"https:\/\/g1.globo.com\/pi\/piaui\/cidade\/piripiri\/\">Piripiri.<\/a><\/p>\n\n\n\n<p><strong>Fonte: G1 PI<\/strong><\/p>\n","protected":false},"excerpt":{"rendered":"<p>Uma pesquisa divulgada pelo Instituto Brasileiro de Geografia e Estat\u00edstica (IBGE) apontou que o Piau\u00ed continua sendo o maior produtor de p\u00f3 de carna\u00faba do Brasil. Desde 1998, o estado se mant\u00e9m na lideran\u00e7a da produ\u00e7\u00e3o dele no pa\u00eds. Conforme o \u00f3rg\u00e3o, o Piau\u00ed gerou 55% da produ\u00e7\u00e3o total de p\u00f3 de carna\u00faba do Brasil, [&hellip;]<\/p>\n","protected":false},"author":1,"featured_media":27342,"comment_status":"open","ping_status":"open","sticky":false,"template":"","format":"standard","meta":{"beyondwords_generate_audio":"","beyondwords_project_id":"","beyondwords_podcast_id":"","beyondwords_hash":"","beyondwords_error_message":"","beyondwords_disabled":"","publish_post_to_speechkit":"","speechkit_generate_audio":"","speechkit_project_id":"","speechkit_podcast_id":"","speechkit_hash":"","speechkit_error_message":"","speechkit_disabled":"","speechkit_access_key":"","speechkit_error":"","speechkit_info":"","speechkit_response":"","speechkit_retries":"","_speechkit_link":"","_speechkit_text":""},"categories":[134,51],"tags":[6097,8151,44,72,1235,1152,76,998,2737,52,6888,6167,557,6198],"jetpack_featured_media_url":"","_links":{"self":[{"href":"https:\/\/pinews.com.br\/index.php\/wp-json\/wp\/v2\/posts\/27341"}],"collection":[{"href":"https:\/\/pinews.com.br\/index.php\/wp-json\/wp\/v2\/posts"}],"about":[{"href":"https:\/\/pinews.com.br\/index.php\/wp-json\/wp\/v2\/types\/post"}],"author":[{"embeddable":true,"href":"https:\/\/pinews.com.br\/index.php\/wp-json\/wp\/v2\/users\/1"}],"replies":[{"embeddable":true,"href":"https:\/\/pinews.com.br\/index.php\/wp-json\/wp\/v2\/comments?post=27341"}],"version-history":[{"count":0,"href":"https:\/\/pinews.com.br\/index.php\/wp-json\/wp\/v2\/posts\/27341\/revisions"}],"wp:featuredmedia":[{"embeddable":true,"href":"https:\/\/pinews.com.br\/index.php\/wp-json\/"}],"wp:attachment":[{"href":"https:\/\/pinews.com.br\/index.php\/wp-json\/wp\/v2\/media?parent=27341"}],"wp:term":[{"taxonomy":"category","embeddable":true,"href":"https:\/\/pinews.com.br\/index.php\/wp-json\/wp\/v2\/categories?post=27341"},{"taxonomy":"post_tag","embeddable":true,"href":"https:\/\/pinews.com.br\/index.php\/wp-json\/wp\/v2\/tags?post=27341"}],"curies":[{"name":"wp","href":"https:\/\/api.w.org\/{rel}","templated":true}]}}