{"id":27494,"date":"2021-10-11T10:47:46","date_gmt":"2021-10-11T13:47:46","guid":{"rendered":"https:\/\/pinews.com.br\/?p=27494"},"modified":"2021-10-11T10:47:46","modified_gmt":"2021-10-11T13:47:46","slug":"enem-2021-confira-seis-filmes-que-podem-ajudar-a-resolver-questoes-sobre-a-historia-do-brasil","status":"publish","type":"post","link":"https:\/\/pinews.com.br\/index.php\/2021\/10\/11\/enem-2021-confira-seis-filmes-que-podem-ajudar-a-resolver-questoes-sobre-a-historia-do-brasil\/","title":{"rendered":"Enem 2021: confira seis filmes que podem ajudar a resolver quest\u00f5es sobre a hist\u00f3ria do Brasil"},"content":{"rendered":"\n<p>Uma boa estrat\u00e9gia para estudos e revis\u00f5es para o Exame Nacional do Ensino M\u00e9dio (Enem) \u00e9 assistir filmes que retratem os assuntos abordados na prova. Desse modo, o professor Ismar Tavares separou seis filmes que podem ajudar os candidatos a responderem \u00e0s quest\u00f5es sobre hist\u00f3ria do Brasil.<\/p>\n\n\n\n<h2>1. Amistad<\/h2>\n\n\n\n<figure class=\"wp-block-image\"><img decoding=\"async\" src=\"https:\/\/s2.glbimg.com\/hcOsrumGNGwOhBKHLTeRVGUveLM=\/0x0:2048x1024\/600x0\/smart\/filters:gifv():strip_icc()\/s.glbimg.com\/jo\/g1\/f\/original\/2015\/11\/13\/amistad.jpg\" alt=\"Cena de &quot;Amistad&quot;, de Steven Spielberg \u2014 Foto: Divulga\u00e7\u00e3o\"\/><figcaption>Cena de &#8220;Amistad&#8221;, de Steven Spielberg \u2014 Foto: Divulga\u00e7\u00e3o<\/figcaption><\/figure>\n\n\n\n<p>Indicado a 4 Oscars,&nbsp;<strong>Amistad (1997)<\/strong>&nbsp;\u00e9 baseado em uma hist\u00f3ria real e se passa em 1839, quando um grupo de negros sequestrados da \u00c1frica se libertam das correntes e assumem o comando do navio negreiro denominado La Amistad, ap\u00f3s uma sangrenta luta contra os seus captores.<\/p>\n\n\n\n<p>Os africanos tentam voltar para casa, mas como n\u00e3o possuem conhecimentos sobre navega\u00e7\u00e3o, acabam chegando ao destino original do navio, o Estados Unidos da Am\u00e9rica. Os africanos s\u00e3o presos e ent\u00e3o julgados pelas mortes dos tripulantes do navio, em um julgamento que mobilizou a Suprema Corte Americana e at\u00e9 ex-presidentes.<\/p>\n\n\n\n<p>Segundo o professor,&nbsp;a obra cinematogr\u00e1fica retrata a ang\u00fastia dos negros desde o momento em que s\u00e3o capturados at\u00e9 a sua luta por liberdade e justi\u00e7a.&nbsp;O filme discute ainda a luta judicial dos abolicionistas contra a escravid\u00e3o nos Estados Unidos.<\/p>\n\n\n\n<h2>2. Mau\u00e1 &#8211; O Imperador e o Rei<\/h2>\n\n\n\n<figure class=\"wp-block-image\"><img decoding=\"async\" src=\"https:\/\/s2.glbimg.com\/RtZ8fEaxS9HcknT1Lwm-piELpgk=\/0x0:960x540\/600x0\/smart\/filters:gifv():strip_icc()\/i.s3.glbimg.com\/v1\/AUTH_59edd422c0c84a879bd37670ae4f538a\/internal_photos\/bs\/2021\/B\/v\/AlOQkoTDmcYGKpS03i2A\/maua.jpg\" alt=\"Cena de &quot;Mau\u00e1 - O Imperador e o Rei&quot;, de S\u00e9rgio Rezende \u2014 Foto: Divulga\u00e7\u00e3o\"\/><figcaption>Cena de &#8220;Mau\u00e1 &#8211; O Imperador e o Rei&#8221;, de S\u00e9rgio Rezende \u2014 Foto: Divulga\u00e7\u00e3o<\/figcaption><\/figure>\n\n\n\n<p><strong>Mau\u00e1 &#8211; O Imperador e o Rei (1999)<\/strong>&nbsp;\u00e9 um \u00f3timo filme para que o candidato conhe\u00e7a essa impressionante figura da hist\u00f3ria do Brasil: o ga\u00facho Irineu Evangelista de Souza, o Visconde de Mau\u00e1, um empres\u00e1rio e industrial que se tornou um dos homens mais ricos que j\u00e1 viveram no Brasil.<\/p>\n\n\n\n<p>Ambicioso e empreendedor, Mau\u00e1 construiu a primeira ind\u00fastria do Brasil quando tinha penas 30 anos. O&nbsp;empres\u00e1rio tinha o objetivo de modernizar o pa\u00eds, mas encontrou a resist\u00eancia de empres\u00e1rios estrangeiros e da elite brasileira da \u00e9poca.<\/p>\n\n\n\n<h2>3. Olga<\/h2>\n\n\n\n<figure class=\"wp-block-image\"><img decoding=\"async\" src=\"https:\/\/s2.glbimg.com\/sKDK8mCIgWNqcQeUZCkN8EbDMy8=\/0x0:680x453\/600x0\/smart\/filters:gifv():strip_icc()\/i.s3.glbimg.com\/v1\/AUTH_59edd422c0c84a879bd37670ae4f538a\/internal_photos\/bs\/2021\/J\/M\/kaAkB0Tf2BABcYRqbjbQ\/olga.png\" alt=\"Cena de &quot;Olga&quot;, de Jayme Monjardim  \u2014 Foto: Divulga\u00e7\u00e3o\"\/><figcaption>Cena de &#8220;Olga&#8221;, de Jayme Monjardim \u2014 Foto: Divulga\u00e7\u00e3o<\/figcaption><\/figure>\n\n\n\n<p>Um grande sucesso de bilheteria,&nbsp;<strong>Olga (2004)&nbsp;<\/strong>\u00e9 uma obra cinematogr\u00e1fica que fala sobre Olga Ben\u00e1rio, uma militante comunista alem\u00e3 que recebe a miss\u00e3o de proteger o l\u00edder comunista brasileiro Lu\u00eds Carlos Prestes. Durante a miss\u00e3o, os dois fingem ser um casal e acabam se apaixonando.<\/p>\n\n\n\n<p>Ap\u00f3s o fracasso da Intentona Comunista, em 1936, o casal \u00e9 preso.&nbsp;Gr\u00e1vida de 7 meses, Olga \u00e9 torturada e deportada pelo Governo Vargas para a Alemanha, que vive os primeiros anos do governo nazista de Adolf Hittler.<\/p>\n\n\n\n<p>A hist\u00f3ria tem como pano de fundo o terror do in\u00edcio nazifascismo e a tens\u00e3o entre os comunismo e capitalismo.<\/p>\n\n\n\n<h2>4. O Que \u00e9 Isso, Companheiro?<\/h2>\n\n\n\n<figure class=\"wp-block-image\"><img decoding=\"async\" src=\"https:\/\/s2.glbimg.com\/HcrrU_zdn-LaE-FcEiKcMM7YMAs=\/0x0:1170x780\/600x0\/smart\/filters:gifv():strip_icc()\/i.s3.glbimg.com\/v1\/AUTH_59edd422c0c84a879bd37670ae4f538a\/internal_photos\/bs\/2021\/e\/Q\/rtYpFZTA6QaHJlB8Jv1Q\/gabeira.jpg\" alt=\"Cena de &quot;O que \u00e9 isso, companheiro?&quot;, de Bruno Barreto \u2014 Foto: Divulga\u00e7\u00e3o\"\/><figcaption>Cena de &#8220;O que \u00e9 isso, companheiro?&#8221;, de Bruno Barreto \u2014 Foto: Divulga\u00e7\u00e3o<\/figcaption><\/figure>\n\n\n\n<p>Esta \u00e9 uma dica para que o candidato saiba mais sobre o regime militar brasileiro. Baseado no livro de mesmo nome do jornalista brasileiro Fernando Gabeira,&nbsp;<strong>O que \u00e9 isso, companheiro? (1997)<\/strong>&nbsp;retrata o sequestro do embaixador dos Estados Unidos no Brasil, Charles Burke Elbrick, em setembro de 1969, por guerrilheiros que lutavam contra a ditadura no pa\u00eds.<\/p>\n\n\n\n<p>O&nbsp;filme mostra o come\u00e7o do per\u00edodo mais obscuro do regime militar no pa\u00eds, logo ap\u00f3s o decreto do Ato Institucional 5, e o in\u00edcio e fim da luta armada no Brasil. O filme foi indicado ao Oscar de Melhor Filme Estrangeiro, em 1998.<\/p>\n\n\n\n<h2>5. Lamarca<\/h2>\n\n\n\n<figure class=\"wp-block-image\"><img decoding=\"async\" src=\"https:\/\/s2.glbimg.com\/6pqj--OIoAGdEjmCy0KS8Kip7Ak=\/0x0:653x489\/600x0\/smart\/filters:gifv():strip_icc()\/i.s3.glbimg.com\/v1\/AUTH_59edd422c0c84a879bd37670ae4f538a\/internal_photos\/bs\/2021\/P\/6\/4Dz31eR32jkof5Hi2Wog\/larmarca.jpg\" alt=\"Cena de &quot;Lamarca&quot;, de S\u00e9rgio Rezende \u2014 Foto: Divulga\u00e7\u00e3o\"\/><figcaption>Cena de &#8220;Lamarca&#8221;, de S\u00e9rgio Rezende \u2014 Foto: Divulga\u00e7\u00e3o<\/figcaption><\/figure>\n\n\n\n<p>Outro filme que retrata a ditadura militar no pa\u00eds \u00e9&nbsp;<strong>Lamarca (1994)<\/strong>, que conta a hist\u00f3ria do militar carioca Carlos Lamarca, um homem que abandonou sua fam\u00edlia e a carreira militar para se tornar guerrilheiro na luta contra o regime.<\/p>\n\n\n\n<p>A&nbsp;obra cinematogr\u00e1fica se passa em dezembro de 1970, quando Carlos Lamarca e seu grupo pol\u00edtico rebelde negociam com o regime militar a soltura de presos pol\u00edticos em troca da vida do sequestrado embaixador da Su\u00ed\u00e7a, mantido por eles em cativeiro.<\/p>\n\n\n\n<h2>6. Tropa de Elite<\/h2>\n\n\n\n<figure class=\"wp-block-image\"><img decoding=\"async\" src=\"https:\/\/s2.glbimg.com\/DShhfuTukiA9yYL8P0ahpoNofUA=\/0x0:2000x1333\/600x0\/smart\/filters:gifv():strip_icc()\/i.s3.glbimg.com\/v1\/AUTH_59edd422c0c84a879bd37670ae4f538a\/internal_photos\/bs\/2018\/M\/C\/zvCpJWSQe2tP39oMFQpA\/tropa-de-elite-wagner-moura.jpg\" alt=\"Cena de 'Tropa de Elite', de Jos\u00e9 Padilha \u2014 Foto: Divulga\u00e7\u00e3o\"\/><figcaption>Cena de &#8216;Tropa de Elite&#8217;, de Jos\u00e9 Padilha \u2014 Foto: Divulga\u00e7\u00e3o<\/figcaption><\/figure>\n\n\n\n<p>O famoso&nbsp;<strong>Tropa de Elite (2007)<\/strong>&nbsp;tamb\u00e9m \u00e9 uma das dicas do professor Ismar Tavares. O filme conta a trajet\u00f3ria de um capit\u00e3o do Batalh\u00e3o de Opera\u00e7\u00f5es Policiais Especiais (Bope) do Rio de Janeiro que, cansado da rotina de viol\u00eancia que vive, decide treinar um substituto para deixar a corpora\u00e7\u00e3o.<\/p>\n\n\n\n<p>O filme retrata como o treinamento cruel torna bons policiais em pessoas violentas, enquanto outros acabam sendo seduzidos pela corrup\u00e7\u00e3o. \u00c9 uma \u00f3tima op\u00e7\u00e3o para que o candidato entenda mais sobre os complexos problemas pol\u00edticos e sociais do Brasil.<\/p>\n\n\n\n<p><strong>Fonte: G1 PI<\/strong><\/p>\n","protected":false},"excerpt":{"rendered":"<p>Uma boa estrat\u00e9gia para estudos e revis\u00f5es para o Exame Nacional do Ensino M\u00e9dio (Enem) \u00e9 assistir filmes que retratem os assuntos abordados na prova. Desse modo, o professor Ismar Tavares separou seis filmes que podem ajudar os candidatos a responderem \u00e0s quest\u00f5es sobre hist\u00f3ria do Brasil. 1. Amistad Indicado a 4 Oscars,&nbsp;Amistad (1997)&nbsp;\u00e9 baseado [&hellip;]<\/p>\n","protected":false},"author":1,"featured_media":27495,"comment_status":"open","ping_status":"open","sticky":false,"template":"","format":"standard","meta":{"beyondwords_generate_audio":"","beyondwords_project_id":"","beyondwords_podcast_id":"","beyondwords_hash":"","beyondwords_error_message":"","beyondwords_disabled":"","publish_post_to_speechkit":"","speechkit_generate_audio":"","speechkit_project_id":"","speechkit_podcast_id":"","speechkit_hash":"","speechkit_error_message":"","speechkit_disabled":"","speechkit_access_key":"","speechkit_error":"","speechkit_info":"","speechkit_response":"","speechkit_retries":"","_speechkit_link":"","_speechkit_text":""},"categories":[394,134],"tags":[2254,572,1093,5820,395,9273,8555,5662,9274,9275,676,5607],"jetpack_featured_media_url":"","_links":{"self":[{"href":"https:\/\/pinews.com.br\/index.php\/wp-json\/wp\/v2\/posts\/27494"}],"collection":[{"href":"https:\/\/pinews.com.br\/index.php\/wp-json\/wp\/v2\/posts"}],"about":[{"href":"https:\/\/pinews.com.br\/index.php\/wp-json\/wp\/v2\/types\/post"}],"author":[{"embeddable":true,"href":"https:\/\/pinews.com.br\/index.php\/wp-json\/wp\/v2\/users\/1"}],"replies":[{"embeddable":true,"href":"https:\/\/pinews.com.br\/index.php\/wp-json\/wp\/v2\/comments?post=27494"}],"version-history":[{"count":0,"href":"https:\/\/pinews.com.br\/index.php\/wp-json\/wp\/v2\/posts\/27494\/revisions"}],"wp:featuredmedia":[{"embeddable":true,"href":"https:\/\/pinews.com.br\/index.php\/wp-json\/"}],"wp:attachment":[{"href":"https:\/\/pinews.com.br\/index.php\/wp-json\/wp\/v2\/media?parent=27494"}],"wp:term":[{"taxonomy":"category","embeddable":true,"href":"https:\/\/pinews.com.br\/index.php\/wp-json\/wp\/v2\/categories?post=27494"},{"taxonomy":"post_tag","embeddable":true,"href":"https:\/\/pinews.com.br\/index.php\/wp-json\/wp\/v2\/tags?post=27494"}],"curies":[{"name":"wp","href":"https:\/\/api.w.org\/{rel}","templated":true}]}}