{"id":27529,"date":"2021-10-12T11:23:05","date_gmt":"2021-10-12T14:23:05","guid":{"rendered":"https:\/\/pinews.com.br\/?p=27529"},"modified":"2021-10-12T11:23:05","modified_gmt":"2021-10-12T14:23:05","slug":"oms-recomenda-3a-dose-contra-covid-em-maiores-de-60-anos-vacinados-com-coronavac","status":"publish","type":"post","link":"https:\/\/pinews.com.br\/index.php\/2021\/10\/12\/oms-recomenda-3a-dose-contra-covid-em-maiores-de-60-anos-vacinados-com-coronavac\/","title":{"rendered":"OMS recomenda 3\u00aa dose contra covid em maiores de 60 anos vacinados com Coronavac"},"content":{"rendered":"\n<p>A OMS (Organiza\u00e7\u00e3o Mundial da Sa\u00fade) recomenda a aplica\u00e7\u00e3o de uma dose de refor\u00e7o das vacinas contra Covid-19 em pessoas com mais de 60 anos que receberam duas doses da Coronavac ou Sinopharm e em imunossuprimidos que receberam qualquer imunizante contra a doen\u00e7a causada pelo coronav\u00edrus.<\/p>\n\n\n\n<p>Segundo especialistas, essas pessoas apresentam resposta imune mais baixa \u00e0s vacinas e est\u00e3o em maior risco diante da Covid. Da\u00ed a indica\u00e7\u00e3o de uma dose adicional.<\/p>\n\n\n\n<p>A recomenda\u00e7\u00e3o consta de nota t\u00e9cnica do Sage (Grupo Consultivo Estrat\u00e9gico de Especialistas, na sigla em ingl\u00eas) publicada nesta segunda-feira (11) e \u00e9 condicionada \u00e0 disponibilidade de doses.<\/p>\n\n\n\n<p>&#8220;Ao implementar esta recomenda\u00e7\u00e3o, os pa\u00edses devem primeiro buscar maximizar a cobertura vacinal de duas doses nessa popula\u00e7\u00e3o e, posteriormente, aplicar a terceira dose, iniciando pelos grupos de idade mais avan\u00e7ada&#8221;, afirma o texto.<\/p>\n\n\n\n<p>At\u00e9 ent\u00e3o, a entidade recomendava apenas a aplica\u00e7\u00e3o de uma dose de refor\u00e7o em imunodeprimidos.<\/p>\n\n\n\n<p>A nota trata especificamente dos idosos que receberam as vacinas de v\u00edrus inativado, como das fabricantes Sinovac (que produz a Coronavac) e Sinopharm. A recomenda\u00e7\u00e3o n\u00e3o vale, portanto, para imunizantes de outras empresas.<\/p>\n\n\n\n<p>Para o refor\u00e7o, a OMS afirma que uma terceira dose da mesma fabricante pode ser preferencial, considerando disponibilidade de doses.<\/p>\n\n\n\n<p>Isso significaria, no caso do Brasil, uma terceira dose de Coronavac para todos com mais de 60 anos j\u00e1 vacinados com duas doses desse imunizante, mas n\u00e3o para os que receberam a vacina Oxford\/AstraZeneca ou Pfizer.<\/p>\n\n\n\n<p>Caso n\u00e3o haja uma terceira dose da mesma marca, um esquema heter\u00f3logo (isto \u00e9, uma dose de refor\u00e7o diferente daquela usada nas primeiras inje\u00e7\u00f5es) pode ser utilizado.<\/p>\n\n\n\n<p>De acordo com o painel de especialistas da entidade, se ficar demonstrado que a efic\u00e1cia de um esquema heter\u00f3logo \u00e9 maior do que o refor\u00e7o de um mesmo imunizante, a recomenda\u00e7\u00e3o poder\u00e1 ser atualizada.<\/p>\n\n\n\n<p>Apesar de ser uma mudan\u00e7a de posi\u00e7\u00e3o, a OMS refor\u00e7a que as evid\u00eancias dispon\u00edveis indicam que uma dose adicional de imunizantes em idosos que receberam vacinas inativadas pode potencializar a prote\u00e7\u00e3o conferida por essas vacinas.<\/p>\n\n\n\n<p>Um estudo conduzido na China pela Sinovac apontou que uma terceira dose do imunizante oito meses depois da segunda dose em pessoas com 60 anos ou mais aumentou em at\u00e9 sete vezes o n\u00edvel de anticorpos no sangue.<\/p>\n\n\n\n<p>Isso n\u00e3o significa que esses imunizantes n\u00e3o confiram prote\u00e7\u00e3o contra o coronav\u00edrus ou que as vacinas n\u00e3o funcionam com duas doses, mas sim que, em popula\u00e7\u00f5es com o sistema imune mais debilitado, como nos idosos, a queda de anticorpos pode indicar uma redu\u00e7\u00e3o da prote\u00e7\u00e3o a longo prazo e necessidade de refor\u00e7o.<\/p>\n\n\n\n<p>Estudos feitos no Brasil para avaliar a efetividade das vacinas contra a Covid apontaram para uma diminui\u00e7\u00e3o da prote\u00e7\u00e3o justamente no grupo acima de 80 anos, o mesmo que foi vacinado primeiro no pa\u00eds.<\/p>\n\n\n\n<p>Nas pessoas com 60 anos ou mais, tamb\u00e9m houve redu\u00e7\u00e3o, embora em menor propor\u00e7\u00e3o. N\u00e3o h\u00e1 dados ainda para as faixas et\u00e1rias abaixo de 60 anos, que foram vacinadas posteriormente.<\/p>\n\n\n\n<p>Para o infectologista e pesquisador da Fiocruz Julio Croda, a nota da OMS deixa claro que a recomenda\u00e7\u00e3o de uma terceira dose deve ser para aqueles que receberam vacinas de v\u00edrus inativado, mas n\u00e3o \u00e9 exclusiva para o esquema hom\u00f3logo.<\/p>\n\n\n\n<p>&#8220;Eles recomendaram [uma dose de refor\u00e7o] para quem fez uso espec\u00edfico das duas vacinas, o que no Brasil se aplica somente para a Coronavac. A quest\u00e3o se \u00e9 uma 3\u00aa dose tamb\u00e9m da Coronavac parece ser a preferencial, mas depende tamb\u00e9m de log\u00edstica e disponibilidade&#8221;, diz.<\/p>\n\n\n\n<p>Croda \u00e9 o pesquisador principal de um estudo que avaliou a efetividade das vacinas Coronavac e AstraZeneca em pessoas com 60 anos ou mais. Ele defende o uso de esquema heter\u00f3logo como refor\u00e7o, dadas as evid\u00eancias cient\u00edficas de aumento de efic\u00e1cia e de imunogenicidade ao combinar vacinas de diferentes fabricantes.<\/p>\n\n\n\n<p>O ministro da Sa\u00fade, Marcelo Queiroga, j\u00e1 anunciou que o governo vai iniciar a aplica\u00e7\u00e3o de dose de refor\u00e7o da vacina contra a covid-19 em pessoas com mais de 60 anos de idade. De acordo com Queiroga, s\u00e3o cerca de 7 milh\u00f5es de brasileiros nessa faixa et\u00e1ria.<\/p>\n\n\n\n<p><br><strong>Fonte: Folhapress<\/strong><\/p>\n","protected":false},"excerpt":{"rendered":"<p>A OMS (Organiza\u00e7\u00e3o Mundial da Sa\u00fade) recomenda a aplica\u00e7\u00e3o de uma dose de refor\u00e7o das vacinas contra Covid-19 em pessoas com mais de 60 anos que receberam duas doses da Coronavac ou Sinopharm e em imunossuprimidos que receberam qualquer imunizante contra a doen\u00e7a causada pelo coronav\u00edrus. Segundo especialistas, essas pessoas apresentam resposta imune mais baixa [&hellip;]<\/p>\n","protected":false},"author":1,"featured_media":27530,"comment_status":"open","ping_status":"open","sticky":false,"template":"","format":"standard","meta":{"beyondwords_generate_audio":"","beyondwords_project_id":"","beyondwords_podcast_id":"","beyondwords_hash":"","beyondwords_error_message":"","beyondwords_disabled":"","publish_post_to_speechkit":"","speechkit_generate_audio":"","speechkit_project_id":"","speechkit_podcast_id":"","speechkit_hash":"","speechkit_error_message":"","speechkit_disabled":"","speechkit_access_key":"","speechkit_error":"","speechkit_info":"","speechkit_response":"","speechkit_retries":"","_speechkit_link":"","_speechkit_text":""},"categories":[134,1288],"tags":[6595,409,82,294,6229,2406,44,7475,46,955,1386,8175,6133],"jetpack_featured_media_url":"","_links":{"self":[{"href":"https:\/\/pinews.com.br\/index.php\/wp-json\/wp\/v2\/posts\/27529"}],"collection":[{"href":"https:\/\/pinews.com.br\/index.php\/wp-json\/wp\/v2\/posts"}],"about":[{"href":"https:\/\/pinews.com.br\/index.php\/wp-json\/wp\/v2\/types\/post"}],"author":[{"embeddable":true,"href":"https:\/\/pinews.com.br\/index.php\/wp-json\/wp\/v2\/users\/1"}],"replies":[{"embeddable":true,"href":"https:\/\/pinews.com.br\/index.php\/wp-json\/wp\/v2\/comments?post=27529"}],"version-history":[{"count":0,"href":"https:\/\/pinews.com.br\/index.php\/wp-json\/wp\/v2\/posts\/27529\/revisions"}],"wp:featuredmedia":[{"embeddable":true,"href":"https:\/\/pinews.com.br\/index.php\/wp-json\/"}],"wp:attachment":[{"href":"https:\/\/pinews.com.br\/index.php\/wp-json\/wp\/v2\/media?parent=27529"}],"wp:term":[{"taxonomy":"category","embeddable":true,"href":"https:\/\/pinews.com.br\/index.php\/wp-json\/wp\/v2\/categories?post=27529"},{"taxonomy":"post_tag","embeddable":true,"href":"https:\/\/pinews.com.br\/index.php\/wp-json\/wp\/v2\/tags?post=27529"}],"curies":[{"name":"wp","href":"https:\/\/api.w.org\/{rel}","templated":true}]}}