{"id":27547,"date":"2021-10-12T20:03:33","date_gmt":"2021-10-12T23:03:33","guid":{"rendered":"https:\/\/pinews.com.br\/?p=27547"},"modified":"2021-10-12T20:03:33","modified_gmt":"2021-10-12T23:03:33","slug":"acidente-com-vela-que-causou-incendio-em-que-menina-de-8-anos-foi-salva-por-vizinho-familias-fazem-campanha-por-doacoes","status":"publish","type":"post","link":"https:\/\/pinews.com.br\/index.php\/2021\/10\/12\/acidente-com-vela-que-causou-incendio-em-que-menina-de-8-anos-foi-salva-por-vizinho-familias-fazem-campanha-por-doacoes\/","title":{"rendered":"Acidente com vela que causou inc\u00eandio em que menina de 8 anos foi salva por vizinho; fam\u00edlias fazem campanha por doa\u00e7\u00f5es"},"content":{"rendered":"\n<p>Um acidente com uma vela foi o que provocou o inc\u00eandio que destruiu uma casa na noite de domingo (10), no bairro Santa Clara, na Zona Sul de Teresina. Uma menina de 8 anos ficou presa entre as chamas e foi salva por um vizinho, que arrancou a grade de uma das janelas da casa.<\/p>\n\n\n\n<p>A casa onde aconteceu o inc\u00eandio estava desocupada at\u00e9 a \u00faltima quinta-feira (7) quando os donos, Ironildes Ribeiro e Ant\u00f4nio Francisco, cederam o im\u00f3vel para a fam\u00edlia da crian\u00e7a. Na quinta, Maria de Lourdes Pereira se mudou para a casa com os dois filhos.<\/p>\n\n\n\n<figure class=\"wp-block-image\"><img decoding=\"async\" src=\"https:\/\/s2.glbimg.com\/MGBnG724P33MM70ItQxv30hy3ew=\/0x259:720x1280\/984x0\/smart\/filters:strip_icc()\/i.s3.glbimg.com\/v1\/AUTH_59edd422c0c84a879bd37670ae4f538a\/internal_photos\/bs\/2021\/H\/O\/I3iJBTTeGDmlhUeJEDiw\/whatsapp-image-2021-10-11-at-16.11.33.jpeg\" alt=\"Janela que foi quebrada para salvar a menina de 8 anos do inc\u00eandio no Piau\u00ed \u2014 Foto: Arquivo Pessoal\/Ironildes Ribeiro\"\/><figcaption>Janela que foi quebrada para salvar a menina de 8 anos do inc\u00eandio no Piau\u00ed \u2014 Foto: Arquivo Pessoal\/Ironildes Ribeiro<\/figcaption><\/figure>\n\n\n\n<p>Na noite de domingo (10), a m\u00e3e da menina estava dormindo no quarto com os dois filhos e acendeu a vela, porque o im\u00f3vel n\u00e3o tinha liga\u00e7\u00e3o de energia el\u00e9trica. Em algum momento durante a noite, a chama da vela teria come\u00e7ado a queimar os objetos do quarto.<\/p>\n\n\n\n<p>\u201cN\u00f3s ir\u00edamos colocar energia nessa semana e por isso ela acendeu essa vela. E no quarto tinha muita coisa, porque ela tinha se mudado fazia pouco tempo. Roupas, colch\u00f5es, m\u00f3veis, tudo foi destru\u00eddo\u201d, contou Ironildes.<\/p>\n\n\n\n<figure class=\"wp-block-image\"><img decoding=\"async\" src=\"https:\/\/s2.glbimg.com\/n4lFshnawYpB8Cpc113gs5hb_ZM=\/0x0:780x1040\/984x0\/smart\/filters:strip_icc()\/i.s3.glbimg.com\/v1\/AUTH_59edd422c0c84a879bd37670ae4f538a\/internal_photos\/bs\/2021\/C\/y\/l8iDp1TFCPn09T2Ufs0g\/whatsapp-image-2021-10-11-at-16.11.52.jpeg\" alt=\"Gabrielle Pereira teve apenas ferimentos leves, segundo sua m\u00e3e, Maria de Lourdes \u2014 Foto: Arquivo Pessoal\/Ironildes Ribeiro\"\/><figcaption>Gabrielle Pereira teve apenas ferimentos leves, segundo sua m\u00e3e, Maria de Lourdes \u2014 Foto: Arquivo Pessoal\/Ironildes Ribeiro<\/figcaption><\/figure>\n\n\n\n<p>A m\u00e3e e as duas crian\u00e7as acordaram quando o inc\u00eandio j\u00e1 consumia parte do quarto. Durante a fuga da casa, a menina, Gabrielle, de 8 anos, se soltou da m\u00e3e e correu para os fundos da casa, por onde n\u00e3o havia por onde sair.<\/p>\n\n\n\n<blockquote class=\"wp-block-quote\"><p>\u201cA sorte \u00e9 que a gente estava em casa. Meu marido foi at\u00e9 l\u00e1 , arrancou a grade da janela e tirou a menina de l\u00e1\u201d, contou.<\/p><\/blockquote>\n\n\n\n<h2>Fam\u00edlias fazem campanha por doa\u00e7\u00f5es<\/h2>\n\n\n\n<p>Depois da trag\u00e9dia, as fam\u00edlias de Ironildes e dos vizinhos come\u00e7aram uma campanha para arrecadar doa\u00e7\u00f5es para Maria de Lourdes e os dois filhos.<\/p>\n\n\n\n<p>A campanha est\u00e1 recebendo doa\u00e7\u00f5es de roupas, colch\u00f5es ou m\u00f3veis. A campanha tamb\u00e9m busca encontrar um novo lugar para Maria de Lourdes morar com as duas crian\u00e7as.<\/p>\n\n\n\n<p>As doa\u00e7\u00f5es podem ser entregues na casa de Ironildes, na&nbsp;<strong>Rua Anita Steremberg, n\u00ba 3555, no bairro Santa Clara, Zona Sul de Teresina.<\/strong><\/p>\n\n\n\n<blockquote class=\"wp-block-quote\"><p>\u201cEles perderam tudo o que tinham: m\u00f3veis, colch\u00f5es, todas as roupas. Ficamos sensibilizados, porque \u00e9 uma situa\u00e7\u00e3o muito dif\u00edcil, ela sozinha com as duas crian\u00e7as\u201d, comentou Ironildes.<\/p><\/blockquote>\n\n\n\n<p><strong>Fonte: G1 PI<\/strong><\/p>\n","protected":false},"excerpt":{"rendered":"<p>Um acidente com uma vela foi o que provocou o inc\u00eandio que destruiu uma casa na noite de domingo (10), no bairro Santa Clara, na Zona Sul de Teresina. Uma menina de 8 anos ficou presa entre as chamas e foi salva por um vizinho, que arrancou a grade de uma das janelas da casa. [&hellip;]<\/p>\n","protected":false},"author":1,"featured_media":27548,"comment_status":"open","ping_status":"open","sticky":false,"template":"","format":"standard","meta":{"beyondwords_generate_audio":"","beyondwords_project_id":"","beyondwords_podcast_id":"","beyondwords_hash":"","beyondwords_error_message":"","beyondwords_disabled":"","publish_post_to_speechkit":"","speechkit_generate_audio":"","speechkit_project_id":"","speechkit_podcast_id":"","speechkit_hash":"","speechkit_error_message":"","speechkit_disabled":"","speechkit_access_key":"","speechkit_error":"","speechkit_info":"","speechkit_response":"","speechkit_retries":"","_speechkit_link":"","_speechkit_text":""},"categories":[51,81],"tags":[176,82,574,5656,44,6842,46,953,577,1066,547,1207,59,1281,9285,1257],"jetpack_featured_media_url":"","_links":{"self":[{"href":"https:\/\/pinews.com.br\/index.php\/wp-json\/wp\/v2\/posts\/27547"}],"collection":[{"href":"https:\/\/pinews.com.br\/index.php\/wp-json\/wp\/v2\/posts"}],"about":[{"href":"https:\/\/pinews.com.br\/index.php\/wp-json\/wp\/v2\/types\/post"}],"author":[{"embeddable":true,"href":"https:\/\/pinews.com.br\/index.php\/wp-json\/wp\/v2\/users\/1"}],"replies":[{"embeddable":true,"href":"https:\/\/pinews.com.br\/index.php\/wp-json\/wp\/v2\/comments?post=27547"}],"version-history":[{"count":0,"href":"https:\/\/pinews.com.br\/index.php\/wp-json\/wp\/v2\/posts\/27547\/revisions"}],"wp:featuredmedia":[{"embeddable":true,"href":"https:\/\/pinews.com.br\/index.php\/wp-json\/"}],"wp:attachment":[{"href":"https:\/\/pinews.com.br\/index.php\/wp-json\/wp\/v2\/media?parent=27547"}],"wp:term":[{"taxonomy":"category","embeddable":true,"href":"https:\/\/pinews.com.br\/index.php\/wp-json\/wp\/v2\/categories?post=27547"},{"taxonomy":"post_tag","embeddable":true,"href":"https:\/\/pinews.com.br\/index.php\/wp-json\/wp\/v2\/tags?post=27547"}],"curies":[{"name":"wp","href":"https:\/\/api.w.org\/{rel}","templated":true}]}}