{"id":27568,"date":"2021-10-13T11:15:53","date_gmt":"2021-10-13T14:15:53","guid":{"rendered":"https:\/\/pinews.com.br\/?p=27568"},"modified":"2021-10-13T11:15:53","modified_gmt":"2021-10-13T14:15:53","slug":"conta-de-energia-segue-mais-cara-apos-bandeira-de-escassez-hidrica","status":"publish","type":"post","link":"https:\/\/pinews.com.br\/index.php\/2021\/10\/13\/conta-de-energia-segue-mais-cara-apos-bandeira-de-escassez-hidrica\/","title":{"rendered":"Conta de energia segue mais cara ap\u00f3s bandeira de escassez h\u00eddrica"},"content":{"rendered":"\n<p>Desde o m\u00eas de setembro, os consumidores passaram a sentir no bolso o aumento na conta de energia, ocasionado pela inclus\u00e3o da bandeira tarif\u00e1ria escassez h\u00eddrica. Na pr\u00e1tica, est\u00e3o sendo cobrados R$14,90, para cada 100 Kw\/h consumidos.&nbsp;<\/p>\n\n\n\n<p>A medida \u00e9 uma forma de driblar as dificuldades enfrentadas na gera\u00e7\u00e3o e tamb\u00e9m \u00e9 adotada no Piau\u00ed, que tem registrado crescimento significativo na produ\u00e7\u00e3o de energias renov\u00e1veis, como a e\u00f3lica e a solar.&nbsp;<\/p>\n\n\n\n<p>O gerente de relacionamento da Equatorial no Piau\u00ed, Lu\u00eds Carlos Cardoso, explica que a cobran\u00e7a \u00e9 feita porque o sistema el\u00e9trico \u00e9 interligado, ou seja, a energia que \u00e9 produzida no Piau\u00ed n\u00e3o \u00e9 consumida necessariamente pelos piauienses.&nbsp;<\/p>\n\n\n\n<p>\u201c\u00c9 importante que a gente perceba que o sistema el\u00e9trico nacional \u00e9 interligado e a composi\u00e7\u00e3o da gera\u00e7\u00e3o de energia vem de diversas fontes. A gera\u00e7\u00e3o e\u00f3lica e solar tem contribu\u00eddo muito, e o Piau\u00ed \u00e9 um estado que produz bastante, mas tudo isso vai para o sistema interligado nacional, que \u00e9 gerido pelo Operador Nacional do Sistema El\u00e9trico\u201d, explicou.<\/p>\n\n\n\n<figure class=\"wp-block-image\"><img decoding=\"async\" src=\"https:\/\/cidadeverde.com\/assets\/uploads\/noticias\/d1408e6c288d1fbfacfab9a7ace83711.jpg\" alt=\"\"\/><\/figure>\n\n\n\n<p><strong>Fonte: Natanael Souza\/ Cidade Verde<\/strong><\/p>\n","protected":false},"excerpt":{"rendered":"<p>Desde o m\u00eas de setembro, os consumidores passaram a sentir no bolso o aumento na conta de energia, ocasionado pela inclus\u00e3o da bandeira tarif\u00e1ria escassez h\u00eddrica. Na pr\u00e1tica, est\u00e3o sendo cobrados R$14,90, para cada 100 Kw\/h consumidos.&nbsp; A medida \u00e9 uma forma de driblar as dificuldades enfrentadas na gera\u00e7\u00e3o e tamb\u00e9m \u00e9 adotada no Piau\u00ed, [&hellip;]<\/p>\n","protected":false},"author":1,"featured_media":12201,"comment_status":"open","ping_status":"open","sticky":false,"template":"","format":"standard","meta":{"beyondwords_generate_audio":"","beyondwords_project_id":"","beyondwords_podcast_id":"","beyondwords_hash":"","beyondwords_error_message":"","beyondwords_disabled":"","publish_post_to_speechkit":"","speechkit_generate_audio":"","speechkit_project_id":"","speechkit_podcast_id":"","speechkit_hash":"","speechkit_error_message":"","speechkit_disabled":"","speechkit_access_key":"","speechkit_error":"","speechkit_info":"","speechkit_response":"","speechkit_retries":"","_speechkit_link":"","_speechkit_text":""},"categories":[516,134],"tags":[70,7401,6807,6395,44,1976,9291,9292,76,8342],"jetpack_featured_media_url":"","_links":{"self":[{"href":"https:\/\/pinews.com.br\/index.php\/wp-json\/wp\/v2\/posts\/27568"}],"collection":[{"href":"https:\/\/pinews.com.br\/index.php\/wp-json\/wp\/v2\/posts"}],"about":[{"href":"https:\/\/pinews.com.br\/index.php\/wp-json\/wp\/v2\/types\/post"}],"author":[{"embeddable":true,"href":"https:\/\/pinews.com.br\/index.php\/wp-json\/wp\/v2\/users\/1"}],"replies":[{"embeddable":true,"href":"https:\/\/pinews.com.br\/index.php\/wp-json\/wp\/v2\/comments?post=27568"}],"version-history":[{"count":0,"href":"https:\/\/pinews.com.br\/index.php\/wp-json\/wp\/v2\/posts\/27568\/revisions"}],"wp:featuredmedia":[{"embeddable":true,"href":"https:\/\/pinews.com.br\/index.php\/wp-json\/"}],"wp:attachment":[{"href":"https:\/\/pinews.com.br\/index.php\/wp-json\/wp\/v2\/media?parent=27568"}],"wp:term":[{"taxonomy":"category","embeddable":true,"href":"https:\/\/pinews.com.br\/index.php\/wp-json\/wp\/v2\/categories?post=27568"},{"taxonomy":"post_tag","embeddable":true,"href":"https:\/\/pinews.com.br\/index.php\/wp-json\/wp\/v2\/tags?post=27568"}],"curies":[{"name":"wp","href":"https:\/\/api.w.org\/{rel}","templated":true}]}}