{"id":27633,"date":"2021-10-15T10:53:35","date_gmt":"2021-10-15T13:53:35","guid":{"rendered":"https:\/\/pinews.com.br\/?p=27633"},"modified":"2021-10-15T10:53:35","modified_gmt":"2021-10-15T13:53:35","slug":"governo-antecipa-para-hoje-segunda-parcela-do-13o-dos-servidores-estaduais","status":"publish","type":"post","link":"https:\/\/pinews.com.br\/index.php\/2021\/10\/15\/governo-antecipa-para-hoje-segunda-parcela-do-13o-dos-servidores-estaduais\/","title":{"rendered":"Governo antecipa para hoje segunda parcela do 13\u00ba dos servidores estaduais"},"content":{"rendered":"\n<p>O governo do Piau\u00ed antecipou para esta sexta-feira (15) o pagamento da segunda parcela do 13\u00ba sal\u00e1rio do funcionalismo estadual. O pagamento estava previsto para acontecer na pr\u00f3xima segunda-feira, 18 de outubro, ap\u00f3s j\u00e1 ter sido antecipado em dois meses pela equipe econ\u00f4mica do Pal\u00e1cio de Karnak. <\/p>\n\n\n\n<p>O an\u00fancio foi feito pelo secretario estadual de Fazenda, Rafael Fonteles, atrav\u00e9s das redes sociais. A medida beneficia servidores ativos e inativos, como aposentados e pensionistas.&nbsp;<\/p>\n\n\n\n<p>\u201c\u00c9 em clima de alegria que dou a not\u00edcia que antecipamos ainda mais o 13\u00ba sal\u00e1rio dos servidores estaduais\u201d, publicou o secret\u00e1rio.&nbsp;<\/p>\n\n\n\n<p>O pagamento da segunda parcela do 13\u00ba sal\u00e1rio estava previso inicialmente no calend\u00e1rio para o dia 18 de dezembro. A antecipa\u00e7\u00e3o, de acordo com o governo, \u00e9 uma forma de ajudar na recupera\u00e7\u00e3o da economia e injetar recursos no com\u00e9rcio local.&nbsp;<\/p>\n\n\n\n<p>Recentemente, o secret\u00e1rio de Fazenda tamb\u00e9m anunciou que a equipe econ\u00f4mica do governo estuda antecipar a tabela de pagamento de 2022. <\/p>\n\n\n\n<p><br><strong>Fonte: Natanael Souza\/ Cidade Verde<\/strong><\/p>\n","protected":false},"excerpt":{"rendered":"<p>O governo do Piau\u00ed antecipou para esta sexta-feira (15) o pagamento da segunda parcela do 13\u00ba sal\u00e1rio do funcionalismo estadual. O pagamento estava previsto para acontecer na pr\u00f3xima segunda-feira, 18 de outubro, ap\u00f3s j\u00e1 ter sido antecipado em dois meses pela equipe econ\u00f4mica do Pal\u00e1cio de Karnak. O an\u00fancio foi feito pelo secretario estadual de [&hellip;]<\/p>\n","protected":false},"author":1,"featured_media":27634,"comment_status":"open","ping_status":"open","sticky":false,"template":"","format":"standard","meta":{"beyondwords_generate_audio":"","beyondwords_project_id":"","beyondwords_podcast_id":"","beyondwords_hash":"","beyondwords_error_message":"","beyondwords_disabled":"","publish_post_to_speechkit":"","speechkit_generate_audio":"","speechkit_project_id":"","speechkit_podcast_id":"","speechkit_hash":"","speechkit_error_message":"","speechkit_disabled":"","speechkit_access_key":"","speechkit_error":"","speechkit_info":"","speechkit_response":"","speechkit_retries":"","_speechkit_link":"","_speechkit_text":""},"categories":[516,51],"tags":[6791,7463,478,9299,458,1379,350,2698,5589,5610],"jetpack_featured_media_url":"","_links":{"self":[{"href":"https:\/\/pinews.com.br\/index.php\/wp-json\/wp\/v2\/posts\/27633"}],"collection":[{"href":"https:\/\/pinews.com.br\/index.php\/wp-json\/wp\/v2\/posts"}],"about":[{"href":"https:\/\/pinews.com.br\/index.php\/wp-json\/wp\/v2\/types\/post"}],"author":[{"embeddable":true,"href":"https:\/\/pinews.com.br\/index.php\/wp-json\/wp\/v2\/users\/1"}],"replies":[{"embeddable":true,"href":"https:\/\/pinews.com.br\/index.php\/wp-json\/wp\/v2\/comments?post=27633"}],"version-history":[{"count":0,"href":"https:\/\/pinews.com.br\/index.php\/wp-json\/wp\/v2\/posts\/27633\/revisions"}],"wp:featuredmedia":[{"embeddable":true,"href":"https:\/\/pinews.com.br\/index.php\/wp-json\/"}],"wp:attachment":[{"href":"https:\/\/pinews.com.br\/index.php\/wp-json\/wp\/v2\/media?parent=27633"}],"wp:term":[{"taxonomy":"category","embeddable":true,"href":"https:\/\/pinews.com.br\/index.php\/wp-json\/wp\/v2\/categories?post=27633"},{"taxonomy":"post_tag","embeddable":true,"href":"https:\/\/pinews.com.br\/index.php\/wp-json\/wp\/v2\/tags?post=27633"}],"curies":[{"name":"wp","href":"https:\/\/api.w.org\/{rel}","templated":true}]}}