{"id":27676,"date":"2021-10-16T10:45:39","date_gmt":"2021-10-16T13:45:39","guid":{"rendered":"https:\/\/pinews.com.br\/?p=27676"},"modified":"2021-10-16T10:45:39","modified_gmt":"2021-10-16T13:45:39","slug":"no-stf-governador-questiona-cortes-no-bolsa-familia-no-nordeste","status":"publish","type":"post","link":"https:\/\/pinews.com.br\/index.php\/2021\/10\/16\/no-stf-governador-questiona-cortes-no-bolsa-familia-no-nordeste\/","title":{"rendered":"No STF, governador questiona cortes no Bolsa Fam\u00edlia no Nordeste"},"content":{"rendered":"\n<p>O governador Wellington Dias participou nessa sexta-feira (15) de audi\u00eancia de concilia\u00e7\u00e3o entre a Uni\u00e3o e representantes de 8 estados nordestinos contra cortes do Bolsa Fam\u00edlia na regi\u00e3o. A audi\u00eancia foi convocada pelo ministro Gilmar Mendes e tem como objetivo buscar uma concilia\u00e7\u00e3o na esfera c\u00edvel em que os estados contestam cortes do programa na regi\u00e3o. Participaram ainda da reuni\u00e3o o Minist\u00e9rio da Cidadania, a Defensoria P\u00fablica, o AGU e a procuradoria federal.<\/p>\n\n\n\n<p>De acordo com Wellington Dias, o Nordeste estaria sofrendo discrimina\u00e7\u00e3o no processo de concess\u00e3o do programa para popula\u00e7\u00e3o carente da regi\u00e3o, havendo uma distribui\u00e7\u00e3o desproporcional do benef\u00edcio. \u201cN\u00f3s recorremos contra uma discrimina\u00e7\u00e3o contra o Nordeste. Estamos tendo um represamento no atendimento aos mais pobres com o Bolsa Fam\u00edlia, acima da propor\u00e7\u00e3o da nossa popula\u00e7\u00e3o. Ou seja, tem estado brasileiro do sul que consegue ter mais que o Nordeste inteiro nos novos atendimentos. A ideia \u00e9 que seja feita de forma proporcional\u201d, explicou.<\/p>\n\n\n\n<p>Durante a audi\u00eancia, os governadores concordam que qualquer fraude comprovada seja combatida. Pessoas que sejam assalariadas ou possuam renda como empreendedor devam ser desligadas do benef\u00edcio, como dita a regra do Bolsa Fam\u00edlia, dado o direito \u00e0 devida defesa.<\/p>\n\n\n\n<p>Apesar do comparecimento dos representantes nordestinos na a\u00e7\u00e3o conciliat\u00f3ria, n\u00e3o houve proposta por conta da Uni\u00e3o para a resolu\u00e7\u00e3o do problema, deixando, no fim, a resolu\u00e7\u00e3o da a\u00e7\u00e3o por parte dos ministros do STF. \u201cEncerramos a audi\u00eancia sem a Uni\u00e3o apresentar proposta para atendimento a 881,7 mil fam\u00edlias que se cadastraram para o Bolsa Fam\u00edlia. A Uni\u00e3o alega que o teto dos gastos impossibilita a entrada dessas fam\u00edlias no programa. Manter o teto dos gastos \u00e9 uma prioridade do Governo Federal acima da fome dos mais pobres\u201d, criticou Wellington Dias.<\/p>\n\n\n\n<p>Ainda em 2020, o ent\u00e3o relator da a\u00e7\u00e3o, ministro Marco Aur\u00e9lio, atendeu a liminar acolhendo pedido dos estados para que o Governo Federal suspendesse os cortes no Bolsa Fam\u00edlia e fizesse a libera\u00e7\u00e3o de forma proporcional dos recursos visando a amplia\u00e7\u00e3o de fam\u00edlias beneficiadas. Apesar da maioria dos votos do STF serem favor\u00e1veis \u00e0 a\u00e7\u00e3o (6 votos favor\u00e1veis at\u00e9 o momento), os estados nordestinos atenderam \u00e0 convoca\u00e7\u00e3o do ministro Gilmar Mendes para a audi\u00eancia conciliat\u00f3ria.<\/p>\n\n\n\n<p><strong>Fonte: Cidade Verde<\/strong><\/p>\n","protected":false},"excerpt":{"rendered":"<p>O governador Wellington Dias participou nessa sexta-feira (15) de audi\u00eancia de concilia\u00e7\u00e3o entre a Uni\u00e3o e representantes de 8 estados nordestinos contra cortes do Bolsa Fam\u00edlia na regi\u00e3o. A audi\u00eancia foi convocada pelo ministro Gilmar Mendes e tem como objetivo buscar uma concilia\u00e7\u00e3o na esfera c\u00edvel em que os estados contestam cortes do programa na [&hellip;]<\/p>\n","protected":false},"author":1,"featured_media":25147,"comment_status":"open","ping_status":"open","sticky":false,"template":"","format":"standard","meta":{"beyondwords_generate_audio":"","beyondwords_project_id":"","beyondwords_podcast_id":"","beyondwords_hash":"","beyondwords_error_message":"","beyondwords_disabled":"","publish_post_to_speechkit":"","speechkit_generate_audio":"","speechkit_project_id":"","speechkit_podcast_id":"","speechkit_hash":"","speechkit_error_message":"","speechkit_disabled":"","speechkit_access_key":"","speechkit_error":"","speechkit_info":"","speechkit_response":"","speechkit_retries":"","_speechkit_link":"","_speechkit_text":""},"categories":[134],"tags":[343,8528,244,2310,1255,9312,5878],"jetpack_featured_media_url":"","_links":{"self":[{"href":"https:\/\/pinews.com.br\/index.php\/wp-json\/wp\/v2\/posts\/27676"}],"collection":[{"href":"https:\/\/pinews.com.br\/index.php\/wp-json\/wp\/v2\/posts"}],"about":[{"href":"https:\/\/pinews.com.br\/index.php\/wp-json\/wp\/v2\/types\/post"}],"author":[{"embeddable":true,"href":"https:\/\/pinews.com.br\/index.php\/wp-json\/wp\/v2\/users\/1"}],"replies":[{"embeddable":true,"href":"https:\/\/pinews.com.br\/index.php\/wp-json\/wp\/v2\/comments?post=27676"}],"version-history":[{"count":0,"href":"https:\/\/pinews.com.br\/index.php\/wp-json\/wp\/v2\/posts\/27676\/revisions"}],"wp:featuredmedia":[{"embeddable":true,"href":"https:\/\/pinews.com.br\/index.php\/wp-json\/"}],"wp:attachment":[{"href":"https:\/\/pinews.com.br\/index.php\/wp-json\/wp\/v2\/media?parent=27676"}],"wp:term":[{"taxonomy":"category","embeddable":true,"href":"https:\/\/pinews.com.br\/index.php\/wp-json\/wp\/v2\/categories?post=27676"},{"taxonomy":"post_tag","embeddable":true,"href":"https:\/\/pinews.com.br\/index.php\/wp-json\/wp\/v2\/tags?post=27676"}],"curies":[{"name":"wp","href":"https:\/\/api.w.org\/{rel}","templated":true}]}}