{"id":27686,"date":"2021-10-16T19:30:45","date_gmt":"2021-10-16T22:30:45","guid":{"rendered":"https:\/\/pinews.com.br\/?p=27686"},"modified":"2021-10-16T19:30:45","modified_gmt":"2021-10-16T22:30:45","slug":"homem-e-preso-suspeito-de-contratar-assaltante-para-roubar-e-cortar-os-pes-da-ex-mulher-no-piaui","status":"publish","type":"post","link":"https:\/\/pinews.com.br\/index.php\/2021\/10\/16\/homem-e-preso-suspeito-de-contratar-assaltante-para-roubar-e-cortar-os-pes-da-ex-mulher-no-piaui\/","title":{"rendered":"Homem \u00e9 preso suspeito de contratar assaltante para roubar e cortar os p\u00e9s da ex-mulher no Piau\u00ed"},"content":{"rendered":"\n<p>Um homem foi preso neste s\u00e1bado (16) suspeito de contratar um assaltante para roubar e ferir a ex-companheira em Uru\u00e7u\u00ed, Sul do Piau\u00ed. O crime ocorreu no dia 21 de setembro.<\/p>\n\n\n\n<p>De acordo com a Pol\u00edcia Civil, o assaltante invadiu a casa da v\u00edtima, roubou pertences e cortou os p\u00e9s dela. O suspeito do roubo foi preso no mesmo dia na zona rural do munic\u00edpio e encaminhado para o pres\u00eddio.<\/p>\n\n\n\n<blockquote class=\"wp-block-quote\"><p>&#8220;Durante investiga\u00e7\u00e3o e partir do depoimento da v\u00edtima, conseguimos identificar que o mandante do crime era o ex-companheiro dela. Ele pagou outro homem para ir na casa, simular um roubo e causar les\u00e3o na mulher&#8221;, contou o delegado Carlos Alberto.<\/p><\/blockquote>\n\n\n\n<p>Segundo o delegado, a v\u00edtima teve os tend\u00f5es do calcanhar cortados, correndo o risco de ficar sem caminhar. A motiva\u00e7\u00e3o do crime seria porque o ex-companheiro n\u00e3o aceitava o fim do relacionamento.<\/p>\n\n\n\n<p>O suspeito de ser o mandante foi localizado no povoado Cabeceira da Estiva, a 160 km de Uru\u00e7u\u00ed. Ele vai responder por roubo majorado com les\u00e3o corporal.<\/p>\n\n\n\n<p>A v\u00edtima e o ex-companheiro t\u00eam um filho, que n\u00e3o mora na cidade, mas retornou para cuidar da m\u00e3e.<\/p>\n\n\n\n<p><strong>Fonte: G1 PI<\/strong><\/p>\n","protected":false},"excerpt":{"rendered":"<p>Um homem foi preso neste s\u00e1bado (16) suspeito de contratar um assaltante para roubar e ferir a ex-companheira em Uru\u00e7u\u00ed, Sul do Piau\u00ed. O crime ocorreu no dia 21 de setembro. De acordo com a Pol\u00edcia Civil, o assaltante invadiu a casa da v\u00edtima, roubou pertences e cortou os p\u00e9s dela. O suspeito do roubo [&hellip;]<\/p>\n","protected":false},"author":1,"featured_media":27687,"comment_status":"open","ping_status":"open","sticky":false,"template":"","format":"standard","meta":{"beyondwords_generate_audio":"","beyondwords_project_id":"","beyondwords_podcast_id":"","beyondwords_hash":"","beyondwords_error_message":"","beyondwords_disabled":"","publish_post_to_speechkit":"","speechkit_generate_audio":"","speechkit_project_id":"","speechkit_podcast_id":"","speechkit_hash":"","speechkit_error_message":"","speechkit_disabled":"","speechkit_access_key":"","speechkit_error":"","speechkit_info":"","speechkit_response":"","speechkit_retries":"","_speechkit_link":"","_speechkit_text":""},"categories":[51,78],"tags":[6677,7123,5886,122,44,72,5974,84,974,350,919,52,79,351,130],"jetpack_featured_media_url":"","_links":{"self":[{"href":"https:\/\/pinews.com.br\/index.php\/wp-json\/wp\/v2\/posts\/27686"}],"collection":[{"href":"https:\/\/pinews.com.br\/index.php\/wp-json\/wp\/v2\/posts"}],"about":[{"href":"https:\/\/pinews.com.br\/index.php\/wp-json\/wp\/v2\/types\/post"}],"author":[{"embeddable":true,"href":"https:\/\/pinews.com.br\/index.php\/wp-json\/wp\/v2\/users\/1"}],"replies":[{"embeddable":true,"href":"https:\/\/pinews.com.br\/index.php\/wp-json\/wp\/v2\/comments?post=27686"}],"version-history":[{"count":0,"href":"https:\/\/pinews.com.br\/index.php\/wp-json\/wp\/v2\/posts\/27686\/revisions"}],"wp:featuredmedia":[{"embeddable":true,"href":"https:\/\/pinews.com.br\/index.php\/wp-json\/"}],"wp:attachment":[{"href":"https:\/\/pinews.com.br\/index.php\/wp-json\/wp\/v2\/media?parent=27686"}],"wp:term":[{"taxonomy":"category","embeddable":true,"href":"https:\/\/pinews.com.br\/index.php\/wp-json\/wp\/v2\/categories?post=27686"},{"taxonomy":"post_tag","embeddable":true,"href":"https:\/\/pinews.com.br\/index.php\/wp-json\/wp\/v2\/tags?post=27686"}],"curies":[{"name":"wp","href":"https:\/\/api.w.org\/{rel}","templated":true}]}}