{"id":27748,"date":"2021-10-19T10:09:39","date_gmt":"2021-10-19T13:09:39","guid":{"rendered":"https:\/\/pinews.com.br\/?p=27748"},"modified":"2021-10-19T10:09:39","modified_gmt":"2021-10-19T13:09:39","slug":"professor-de-literatura-lista-quais-obras-literarias-podem-estar-no-enem-2021","status":"publish","type":"post","link":"https:\/\/pinews.com.br\/index.php\/2021\/10\/19\/professor-de-literatura-lista-quais-obras-literarias-podem-estar-no-enem-2021\/","title":{"rendered":"Professor de literatura lista quais obras liter\u00e1rias podem estar no Enem 2021"},"content":{"rendered":"\n<p>O professor de literatura R\u00f4mulo Arantes listou quais obras liter\u00e1rias podem estar presentes no Exame Nacional do Ensino M\u00e9dio (Enem) deste ano.&nbsp;N\u00e3o esque\u00e7a deles!<\/p>\n\n\n\n<h2>Confira:<\/h2>\n\n\n\n<ol><li><strong>Mem\u00f3rias P\u00f3stumas de Br\u00e1s Cubas<\/strong>&nbsp;\u2013&nbsp;<a href=\"https:\/\/g1.globo.com\/pop-arte\/noticia\/machado-de-assis-pesquisador-diz-ter-encontrado-possivel-ultima-foto-do-escritor-em-vida-veja-a-imagem.ghtml\">Machado de Assis<\/a><\/li><li><strong>Dom Casmurro<\/strong>&nbsp;\u2013&nbsp;<a href=\"https:\/\/g1.globo.com\/pop-arte\/noticia\/machado-de-assis-pesquisador-diz-ter-encontrado-possivel-ultima-foto-do-escritor-em-vida-veja-a-imagem.ghtml\">Machado de Assis<\/a><\/li><li><strong>O Corti\u00e7o<\/strong>&nbsp;\u2013&nbsp;<a href=\"https:\/\/g1.globo.com\/educacao\/noticia\/fuvest-veja-videoaula-sobre-o-cortico-de-aluisio-de-azevedo.ghtml\">Alu\u00edsio Azevedo<\/a><\/li><li><strong>Macuna\u00edma<\/strong>&nbsp;\u2013&nbsp;<a href=\"http:\/\/educacao.globo.com\/literatura\/assunto\/autores\/mario-de-andrade.html\">M\u00e1rio de Andrade<\/a><\/li><li><strong>Vidas Secas<\/strong>&nbsp;&#8211;&nbsp;<a href=\"https:\/\/g1.globo.com\/pr\/campos-gerais-sul\/educacao\/vestiba\/2021\/noticia\/2021\/09\/15\/quizz-vidas-secas-de-graciliano-ramos-e-obra-obrigatoria-para-vestibular-de-primavera-da-uepg.ghtml\">Graciliano Ramos<\/a><\/li><li><strong>A Hora da Estrela<\/strong>&nbsp;&#8211;&nbsp;<a href=\"https:\/\/g1.globo.com\/rj\/rio-de-janeiro\/noticia\/2020\/12\/10\/um-passeio-pelo-rio-de-janeiro-de-clarice-lispector-veja-lugares-frequentados-pela-escritora-que-faria-100-anos.ghtml\">Clarice Lispector<\/a><\/li><li><strong>Grande Sert\u00e3o: Veredas<\/strong>&nbsp;&#8211;&nbsp;<a href=\"https:\/\/g1.globo.com\/globonews\/jornal-globonews\/video\/um-dos-maiores-autores-da-literatura-brasileira-guimaraes-rosa-morreu-ha-50-anos-6297860.ghtml\">Guimar\u00e3es Rosa<\/a><\/li><\/ol>\n\n\n\n<h2>Outras dicas<\/h2>\n\n\n\n<figure class=\"wp-block-image\"><img decoding=\"async\" src=\"https:\/\/s2.glbimg.com\/1rK-DEeU7MQV96SErCfFCx_RiJQ=\/0x0:5768x3696\/984x0\/smart\/filters:strip_icc()\/i.s3.glbimg.com\/v1\/AUTH_59edd422c0c84a879bd37670ae4f538a\/internal_photos\/bs\/2020\/1\/9\/TiCYGrR9ubljNdHJuzwQ\/06.jpg\" alt=\"RJ, 28\/04\/2020 Est\u00e1tua de Carlos Drummond de Andrade recebe m\u00e1scara em Copacabana, Zona Sul do Rio \u2014 Foto: Marcos Serra Lima\/G1\"\/><figcaption>RJ, 28\/04\/2020 Est\u00e1tua de Carlos Drummond de Andrade recebe m\u00e1scara em Copacabana, Zona Sul do Rio \u2014 Foto: Marcos Serra Lima\/G1<\/figcaption><\/figure>\n\n\n\n<p>O candidato deve estudar a Carta de Achamento do Brasil, de Pero Vaz de Caminha, texto que comp\u00f5e o movimento do Quinhetismo no pa\u00eds e ainda por ser a g\u00eanese da literatura brasileira.<\/p>\n\n\n\n<p>N\u00e3o esquecer do autor Greg\u00f3rio de Mattos, dar uma lida em seus textos amorosos, religiosos, filos\u00f3ficos e, principalmente, os sat\u00edricos e pornogr\u00e1ficos, que fizeram o escritor ser apelidado como Boca do Inferno.<\/p>\n\n\n\n<p>Por fim, merece uma aten\u00e7\u00e3o especial tamb\u00e9m o poeta, contista e cronista Carlos Drummond de Andrade, dono de uma poesia concreta, objetiva e com linguagem mais popular. Entre suas principais obras est\u00e3o &#8220;A Rosa do Povo&#8221;.<\/p>\n\n\n\n<p><strong>Fonte: G1 PI<\/strong><\/p>\n","protected":false},"excerpt":{"rendered":"<p>O professor de literatura R\u00f4mulo Arantes listou quais obras liter\u00e1rias podem estar presentes no Exame Nacional do Ensino M\u00e9dio (Enem) deste ano.&nbsp;N\u00e3o esque\u00e7a deles! Confira: Mem\u00f3rias P\u00f3stumas de Br\u00e1s Cubas&nbsp;\u2013&nbsp;Machado de Assis Dom Casmurro&nbsp;\u2013&nbsp;Machado de Assis O Corti\u00e7o&nbsp;\u2013&nbsp;Alu\u00edsio Azevedo Macuna\u00edma&nbsp;\u2013&nbsp;M\u00e1rio de Andrade Vidas Secas&nbsp;&#8211;&nbsp;Graciliano Ramos A Hora da Estrela&nbsp;&#8211;&nbsp;Clarice Lispector Grande Sert\u00e3o: Veredas&nbsp;&#8211;&nbsp;Guimar\u00e3es Rosa Outras [&hellip;]<\/p>\n","protected":false},"author":1,"featured_media":14415,"comment_status":"open","ping_status":"open","sticky":false,"template":"","format":"standard","meta":{"beyondwords_generate_audio":"","beyondwords_project_id":"","beyondwords_podcast_id":"","beyondwords_hash":"","beyondwords_error_message":"","beyondwords_disabled":"","publish_post_to_speechkit":"","speechkit_generate_audio":"","speechkit_project_id":"","speechkit_podcast_id":"","speechkit_hash":"","speechkit_error_message":"","speechkit_disabled":"","speechkit_access_key":"","speechkit_error":"","speechkit_info":"","speechkit_response":"","speechkit_retries":"","_speechkit_link":"","_speechkit_text":""},"categories":[394,134],"tags":[2254,44,395,6538,811,9318,6976,5483,5662,380,8616],"jetpack_featured_media_url":"","_links":{"self":[{"href":"https:\/\/pinews.com.br\/index.php\/wp-json\/wp\/v2\/posts\/27748"}],"collection":[{"href":"https:\/\/pinews.com.br\/index.php\/wp-json\/wp\/v2\/posts"}],"about":[{"href":"https:\/\/pinews.com.br\/index.php\/wp-json\/wp\/v2\/types\/post"}],"author":[{"embeddable":true,"href":"https:\/\/pinews.com.br\/index.php\/wp-json\/wp\/v2\/users\/1"}],"replies":[{"embeddable":true,"href":"https:\/\/pinews.com.br\/index.php\/wp-json\/wp\/v2\/comments?post=27748"}],"version-history":[{"count":0,"href":"https:\/\/pinews.com.br\/index.php\/wp-json\/wp\/v2\/posts\/27748\/revisions"}],"wp:featuredmedia":[{"embeddable":true,"href":"https:\/\/pinews.com.br\/index.php\/wp-json\/"}],"wp:attachment":[{"href":"https:\/\/pinews.com.br\/index.php\/wp-json\/wp\/v2\/media?parent=27748"}],"wp:term":[{"taxonomy":"category","embeddable":true,"href":"https:\/\/pinews.com.br\/index.php\/wp-json\/wp\/v2\/categories?post=27748"},{"taxonomy":"post_tag","embeddable":true,"href":"https:\/\/pinews.com.br\/index.php\/wp-json\/wp\/v2\/tags?post=27748"}],"curies":[{"name":"wp","href":"https:\/\/api.w.org\/{rel}","templated":true}]}}