{"id":27781,"date":"2021-10-19T18:36:44","date_gmt":"2021-10-19T21:36:44","guid":{"rendered":"https:\/\/pinews.com.br\/?p=27781"},"modified":"2021-10-19T18:36:44","modified_gmt":"2021-10-19T21:36:44","slug":"pf-e-forcas-estaduais-montam-projeto-piloto-para-combater-as-faccoes-no-piaui","status":"publish","type":"post","link":"https:\/\/pinews.com.br\/index.php\/2021\/10\/19\/pf-e-forcas-estaduais-montam-projeto-piloto-para-combater-as-faccoes-no-piaui\/","title":{"rendered":"PF e for\u00e7as estaduais montam projeto piloto para combater as fac\u00e7\u00f5es no Piau\u00ed"},"content":{"rendered":"\n<p><br>O Piau\u00ed vai passar a contar com uma For\u00e7a Integrada de Seguran\u00e7a para combater organiza\u00e7\u00f5es criminosas. Uma reuni\u00e3o nesta ter\u00e7a-feira (19) entre representantes da Pol\u00edcia Federal, Pol\u00edcia Rodovi\u00e1ria Federal, Pol\u00edcia Civil, Pol\u00edcia Militar e Pol\u00edcia Penal discutiu o termo de coopera\u00e7\u00e3o que ser\u00e1 assinado. O piloto do projeto vai funcionar na sede da PF em Parna\u00edba e ir\u00e1 utilizar todo o aparato das institui\u00e7\u00f5es em investiga\u00e7\u00f5es.&nbsp;<\/p>\n\n\n\n<p>\u201cA exemplo de outros estados, n\u00f3s estamos nos organizando para formar uma for\u00e7a tarefa. Essa for\u00e7a tarefa ser\u00e1 composta pelos \u00f3rg\u00e3os que comp\u00f5em o sistema. A ideia \u00e9 unir esfor\u00e7os, a log\u00edstica de cada um, para o enfrentamento de organiza\u00e7\u00f5es criminosas. O foco s\u00e3o alguns crimes como o tr\u00e1fico de entorpecentes dentre outros\u201d, disse o secret\u00e1rio de Seguran\u00e7a, coronel Rubens Pereira.<\/p>\n\n\n\n<p>Segundo ele, o projeto piloto da For\u00e7a Integrada de Seguran\u00e7a come\u00e7ar\u00e1 por Parna\u00edba em virtude do aumento de crimes na regi\u00e3o. \u201cEsse projeto piloto vai come\u00e7ar no Piau\u00ed por Parna\u00edba. J\u00e1 formamos l\u00e1 um comit\u00ea integrado, mas n\u00f3s precisamos de uma cobertura jur\u00eddica. Ser\u00e1 assinado um termo de coopera\u00e7\u00e3o para que se tenha uma justificativa de gasto p\u00fablico de cada institui\u00e7\u00e3o\u201d, explica.<\/p>\n\n\n\n<p>A For\u00e7a ter\u00e1 sede na delegacia regional da PF em Parna\u00edba. \u201cCada for\u00e7a ter\u00e1 um representante. Vai ter um espa\u00e7o f\u00edsico na delegacia regional federal de Parna\u00edba e vamos trocar informa\u00e7\u00f5es de intelig\u00eancia e, a partir da\u00ed, focar nas investiga\u00e7\u00f5es e chega na autoria de crimes e acionar o judici\u00e1rio\u201d, afirmou, n\u00e3o descartando a expans\u00e3o dos trabalhos para outras regi\u00f5es.<\/p>\n\n\n\n<p>\u201c\u00c9 uma for\u00e7a especificamente para o litoral em raz\u00e3o da realidade que estamos vivendo l\u00e1 neste momento, mas que pode se estender para outras regi\u00f5es do Piau\u00ed\u201d, afirmou.<\/p>\n\n\n\n<p>O acordo de coopera\u00e7\u00e3o t\u00e9cnica entre os \u00f3rg\u00e3os permitir\u00e1 a ado\u00e7\u00e3o de metodologia j\u00e1 validada em outros Estados brasileiros que trataram problemas semelhantes, levando em considera\u00e7\u00e3o as particularidades do Piau\u00ed, com qualifica\u00e7\u00e3o de pessoal, aquisi\u00e7\u00e3o de equipamentos, viaturas e sistemas de intelig\u00eancia integrados.&nbsp;<\/p>\n\n\n\n<figure class=\"wp-block-image\"><img decoding=\"async\" src=\"https:\/\/cidadeverde.com\/assets\/uploads\/noticias\/7fb7b3604f32a72bb794b39625b37783.jpg\" alt=\"\"\/><figcaption><em>Foto: Ascom PF<\/em><\/figcaption><\/figure>\n\n\n\n<p><strong>Haver\u00e1 colegiado<\/strong><\/p>\n\n\n\n<p>A chefe da Delegacia Regional de Investiga\u00e7\u00e3o e Combate ao Crime Organizado da Pol\u00edcia Federal, Gabriela Madrid Aquino, informou que o foco da for\u00e7a integrada \u00e9 combater as fac\u00e7\u00f5es criminosas, tr\u00e1fico de drogas, de armas, recepta\u00e7\u00f5es de cargas e outros crimes violentos.<\/p>\n\n\n\n<p>\u201cSer\u00e1 uma integra\u00e7\u00e3o tanto de intelig\u00eancia como operacional. Estaremos de prontid\u00e3o para dar resposta e a integra\u00e7\u00e3o \u00e9 para evitar a fragmenta\u00e7\u00e3o das a\u00e7\u00f5es e atuar de forma conjunta com comunica\u00e7\u00e3o e unindo for\u00e7as\u201d, disse a delegada Gabriela Aquino.<\/p>\n\n\n\n<p>Hoje, ocorreu a primeira reuni\u00e3o para fechar um acordo detalhando a responsabilidade de cada \u00f3rg\u00e3o. \u201cN\u00e3o haver\u00e1 hierarquia, ser\u00e1 uma a\u00e7\u00e3o horizontal em que haver\u00e1 um colegiado para as decis\u00f5es mais importantes\u201d.<\/p>\n\n\n\n<p>Segundo a delegada da PF, haver\u00e1 um somat\u00f3rio de estruturas, pessoal como de recursos para combater a criminalidade. A primeira experi\u00eancia ser\u00e1 na cidade de Parna\u00edba em que as for\u00e7as v\u00e3o focar no desmantelamento das fac\u00e7\u00f5es criminosas que atuam no litoral com aumento de homic\u00eddios e tr\u00e1ficos de droga.&nbsp; &nbsp;<\/p>\n\n\n\n<figure class=\"wp-block-image\"><img decoding=\"async\" src=\"https:\/\/cidadeverde.com\/assets\/uploads\/noticias\/c3b3dd6528b221a3448d980099cf6a00.jpg\" alt=\"\"\/><figcaption><em>Foto: Ascom PF<\/em><\/figcaption><\/figure>\n\n\n\n<p><strong>Fonte: H\u00e9rlon Moraes e Yala Sena\/ Cidade Verde<\/strong><\/p>\n\n\n\n<p><\/p>\n","protected":false},"excerpt":{"rendered":"<p>O Piau\u00ed vai passar a contar com uma For\u00e7a Integrada de Seguran\u00e7a para combater organiza\u00e7\u00f5es criminosas. Uma reuni\u00e3o nesta ter\u00e7a-feira (19) entre representantes da Pol\u00edcia Federal, Pol\u00edcia Rodovi\u00e1ria Federal, Pol\u00edcia Civil, Pol\u00edcia Militar e Pol\u00edcia Penal discutiu o termo de coopera\u00e7\u00e3o que ser\u00e1 assinado. O piloto do projeto vai funcionar na sede da PF em [&hellip;]<\/p>\n","protected":false},"author":1,"featured_media":27782,"comment_status":"open","ping_status":"open","sticky":false,"template":"","format":"standard","meta":{"beyondwords_generate_audio":"","beyondwords_project_id":"","beyondwords_podcast_id":"","beyondwords_hash":"","beyondwords_error_message":"","beyondwords_disabled":"","publish_post_to_speechkit":"","speechkit_generate_audio":"","speechkit_project_id":"","speechkit_podcast_id":"","speechkit_hash":"","speechkit_error_message":"","speechkit_disabled":"","speechkit_access_key":"","speechkit_error":"","speechkit_info":"","speechkit_response":"","speechkit_retries":"","_speechkit_link":"","_speechkit_text":""},"categories":[134,51],"tags":[5895,9299,7868,6617,9326,350,111,52,6676,1030],"jetpack_featured_media_url":"","_links":{"self":[{"href":"https:\/\/pinews.com.br\/index.php\/wp-json\/wp\/v2\/posts\/27781"}],"collection":[{"href":"https:\/\/pinews.com.br\/index.php\/wp-json\/wp\/v2\/posts"}],"about":[{"href":"https:\/\/pinews.com.br\/index.php\/wp-json\/wp\/v2\/types\/post"}],"author":[{"embeddable":true,"href":"https:\/\/pinews.com.br\/index.php\/wp-json\/wp\/v2\/users\/1"}],"replies":[{"embeddable":true,"href":"https:\/\/pinews.com.br\/index.php\/wp-json\/wp\/v2\/comments?post=27781"}],"version-history":[{"count":0,"href":"https:\/\/pinews.com.br\/index.php\/wp-json\/wp\/v2\/posts\/27781\/revisions"}],"wp:featuredmedia":[{"embeddable":true,"href":"https:\/\/pinews.com.br\/index.php\/wp-json\/"}],"wp:attachment":[{"href":"https:\/\/pinews.com.br\/index.php\/wp-json\/wp\/v2\/media?parent=27781"}],"wp:term":[{"taxonomy":"category","embeddable":true,"href":"https:\/\/pinews.com.br\/index.php\/wp-json\/wp\/v2\/categories?post=27781"},{"taxonomy":"post_tag","embeddable":true,"href":"https:\/\/pinews.com.br\/index.php\/wp-json\/wp\/v2\/tags?post=27781"}],"curies":[{"name":"wp","href":"https:\/\/api.w.org\/{rel}","templated":true}]}}