{"id":27784,"date":"2021-10-19T18:44:55","date_gmt":"2021-10-19T21:44:55","guid":{"rendered":"https:\/\/pinews.com.br\/?p=27784"},"modified":"2021-10-19T18:44:55","modified_gmt":"2021-10-19T21:44:55","slug":"escada-com-60-metros-de-altura-e-inaugurada-no-parque-nacional-da-serra-da-capivara-no-sul-do-piaui","status":"publish","type":"post","link":"https:\/\/pinews.com.br\/index.php\/2021\/10\/19\/escada-com-60-metros-de-altura-e-inaugurada-no-parque-nacional-da-serra-da-capivara-no-sul-do-piaui\/","title":{"rendered":"Escada com 60 metros de altura \u00e9 inaugurada no Parque Nacional da Serra da Capivara, no Sul do Piau\u00ed"},"content":{"rendered":"\n<p>Nesta ter\u00e7a-feira (19), quando \u00e9 comemorado o Dia do Piau\u00ed, foi inaugurada uma escada que tem 60 metros de altura e que vai garantir uma vista panor\u00e2mica do Parque Nacional da Serra Capivara, em S\u00e3o Raimundo Nonato, distante 522 km de Teresina, no Sul do Piau\u00ed.<\/p>\n\n\n\n<p>A inaugura\u00e7\u00e3o teve a participa\u00e7\u00e3o do ministro do Meio Ambiente, Joaquim Leite, das deputadas federais Margarete Coelho (Progressistas) e Iracema Portella (Progressitas), o ex-deputado Paes Landim (PTB), entre outras autoridades.<\/p>\n\n\n\n<figure class=\"wp-block-image\"><img decoding=\"async\" src=\"https:\/\/s2.glbimg.com\/_ayk7_PfJ31RZGrBRrCLE6km1gY=\/0x0:3840x2563\/984x0\/smart\/filters:strip_icc()\/i.s3.glbimg.com\/v1\/AUTH_59edd422c0c84a879bd37670ae4f538a\/internal_photos\/bs\/2021\/Q\/w\/9rrysdTFA5sBvoEJy8Sw\/jtn8294.jpg\" alt=\"Inaugura\u00e7\u00e3o de escadaria no Parque Nacional Serra da Capivara, no Sul do Piau\u00ed \u2014 Foto: Divulga\u00e7\u00e3o\/ICmbio\"\/><figcaption>Inaugura\u00e7\u00e3o de escadaria no Parque Nacional Serra da Capivara, no Sul do Piau\u00ed \u2014 Foto: Divulga\u00e7\u00e3o\/ICmbio<\/figcaption><\/figure>\n\n\n\n<p>A escada possui 114 degraus e o visitante que conseguir chegar at\u00e9 o final vai ter uma vista panor\u00e2mica do alto da Chapada Boqueir\u00e3o Borges. Essa \u00e1rea faz parte do circuito da Pedra Furada que d\u00e1 acesso ao Baix\u00e3o Rodrigues.<\/p>\n\n\n\n<p>A obra foi realizada por meio de uma emenda parlamentar do ex-deputado federal Paes Landim, no valor de R$ 700 mil. Al\u00e9m da escada, foram revitalizadas passarelas, um po\u00e7o que abastece o parque, banheiros e guarita.<\/p>\n\n\n\n<p>Essa \u00e1rea visitada estava fechada desde mar\u00e7o de 2020 devido \u00e0 pandemia e agora foi reaberto. A obra foi realizada com o objetivo de garantir mais seguran\u00e7a aos visitantes que pretendem contemplar a vista panor\u00e2mica.<\/p>\n\n\n\n<h2>Parque Serra da Capivara<\/h2>\n\n\n\n<figure class=\"wp-block-image\"><img decoding=\"async\" src=\"https:\/\/s2.glbimg.com\/TiCSnn3CAHsrlLU1S0TvmGDojVs=\/0x0:1700x1065\/984x0\/smart\/filters:strip_icc()\/s.glbimg.com\/jo\/g1\/f\/original\/2014\/08\/13\/aerea_capivara_i_baixa.jpg\" alt=\"Serra da Capivara \u2014 Foto: Andr\u00e9 Pessoa\/Arquivo pessoal\"\/><figcaption>Serra da Capivara \u2014 Foto: Andr\u00e9 Pessoa\/Arquivo pessoal<\/figcaption><\/figure>\n\n\n\n<p>O Parque Nacional da Serra da Capivara \u00e9 o maior parque de pinturas rupestres do mundo. Ele foi reconhecido pela Unesco como Patrim\u00f4nio Cultural da Humanidade.<\/p>\n\n\n\n<p>Com 130 mil hectares e mais de 1.200 s\u00edtios com arte rupestre, pinturas que foram feitas em rochas e paredes de cavernas h\u00e1 milhares de anos, atrai cientistas e turistas de todo o mundo.<\/p>\n\n\n\n<p>Os trabalhos realizados no parque pela equipe da arque\u00f3loga Ni\u00e8de Guidon, presidente da Funda\u00e7\u00e3o Museu do Homem Americano (Fumdham), foram fundamentais para comprovar que os primeiros homens a chegarem na Am\u00e9rica datam de cerca de 100 mil anos.<\/p>\n\n\n\n<p>No parque \u00e9 poss\u00edvel encontrar registros rupestres pr\u00e9-hist\u00f3ricos, especialmente as pinturas gravadas nas rochas com cenas de ca\u00e7a, sexo, guerra e outros aspectos da vida cotidiana. O local ainda tem c\u00e2nions gigantescos que chegam aos 200 metros de altura, al\u00e9m de bel\u00edssimos plat\u00f4s. Os pared\u00f5es s\u00e3o resultados da movimenta\u00e7\u00e3o das placas tect\u00f4nicas da Terra h\u00e1 cerca de 200 milh\u00f5es de anos.<\/p>\n\n\n\n<p><strong>Fonte: G1 PI<\/strong><\/p>\n","protected":false},"excerpt":{"rendered":"<p>Nesta ter\u00e7a-feira (19), quando \u00e9 comemorado o Dia do Piau\u00ed, foi inaugurada uma escada que tem 60 metros de altura e que vai garantir uma vista panor\u00e2mica do Parque Nacional da Serra Capivara, em S\u00e3o Raimundo Nonato, distante 522 km de Teresina, no Sul do Piau\u00ed. A inaugura\u00e7\u00e3o teve a participa\u00e7\u00e3o do ministro do Meio [&hellip;]<\/p>\n","protected":false},"author":1,"featured_media":27785,"comment_status":"open","ping_status":"open","sticky":false,"template":"","format":"standard","meta":{"beyondwords_generate_audio":"","beyondwords_project_id":"","beyondwords_podcast_id":"","beyondwords_hash":"","beyondwords_error_message":"","beyondwords_disabled":"","publish_post_to_speechkit":"","speechkit_generate_audio":"","speechkit_project_id":"","speechkit_podcast_id":"","speechkit_hash":"","speechkit_error_message":"","speechkit_disabled":"","speechkit_access_key":"","speechkit_error":"","speechkit_info":"","speechkit_response":"","speechkit_retries":"","_speechkit_link":"","_speechkit_text":""},"categories":[51],"tags":[409,7554,5953,122,44,72,9015,1991,322,5508,1410,52,5954,120],"jetpack_featured_media_url":"","_links":{"self":[{"href":"https:\/\/pinews.com.br\/index.php\/wp-json\/wp\/v2\/posts\/27784"}],"collection":[{"href":"https:\/\/pinews.com.br\/index.php\/wp-json\/wp\/v2\/posts"}],"about":[{"href":"https:\/\/pinews.com.br\/index.php\/wp-json\/wp\/v2\/types\/post"}],"author":[{"embeddable":true,"href":"https:\/\/pinews.com.br\/index.php\/wp-json\/wp\/v2\/users\/1"}],"replies":[{"embeddable":true,"href":"https:\/\/pinews.com.br\/index.php\/wp-json\/wp\/v2\/comments?post=27784"}],"version-history":[{"count":0,"href":"https:\/\/pinews.com.br\/index.php\/wp-json\/wp\/v2\/posts\/27784\/revisions"}],"wp:featuredmedia":[{"embeddable":true,"href":"https:\/\/pinews.com.br\/index.php\/wp-json\/"}],"wp:attachment":[{"href":"https:\/\/pinews.com.br\/index.php\/wp-json\/wp\/v2\/media?parent=27784"}],"wp:term":[{"taxonomy":"category","embeddable":true,"href":"https:\/\/pinews.com.br\/index.php\/wp-json\/wp\/v2\/categories?post=27784"},{"taxonomy":"post_tag","embeddable":true,"href":"https:\/\/pinews.com.br\/index.php\/wp-json\/wp\/v2\/tags?post=27784"}],"curies":[{"name":"wp","href":"https:\/\/api.w.org\/{rel}","templated":true}]}}