{"id":27802,"date":"2021-10-20T10:24:27","date_gmt":"2021-10-20T13:24:27","guid":{"rendered":"https:\/\/pinews.com.br\/?p=27802"},"modified":"2021-10-20T10:24:27","modified_gmt":"2021-10-20T13:24:27","slug":"motorista-colide-em-caminhao-apos-dormir-ao-volante-na-br-343-no-piaui","status":"publish","type":"post","link":"https:\/\/pinews.com.br\/index.php\/2021\/10\/20\/motorista-colide-em-caminhao-apos-dormir-ao-volante-na-br-343-no-piaui\/","title":{"rendered":"Motorista colide em caminh\u00e3o ap\u00f3s dormir ao volante na BR 343 no Piau\u00ed"},"content":{"rendered":"\n<p>Um motorista de 50 anos, que n\u00e3o teve a identidade revelada, colidiu na lateral de um caminh\u00e3o ap\u00f3s dormir ao volante na BR 343, nessa ter\u00e7a-feira (19), por volta das 10h15, em Teresina.<\/p>\n\n\n\n<p>Segundo informa\u00e7\u00f5es da Pol\u00edcia Rodovi\u00e1ria Federal (PRF), o motorista, que conduzia um ve\u00edculo modelo Fiat Palio, colidiu lateralmente em um caminh\u00e3o que seguia no mesmo sentido da pista. &nbsp;<\/p>\n\n\n\n<p>Ainda de acordo com a PRF, o condutor de 50 anos sofreu apenas ferimentos leves, j\u00e1 o motorista do caminh\u00e3o, um homem de 34 anos, que tamb\u00e9m n\u00e3o teve a identidade revelada, saiu ileso.<\/p>\n\n\n\n<p>As equipes policiais tamb\u00e9m destacaram que a principal causa do acidente foi o fato do condutor do Fiat Palio ter dormido ao volante. A PRF informou que testes do etil\u00f4metro, para indicar a ingest\u00e3o de bebida alco\u00f3lica, foram realizados e deram o resultado de 0,00mg\/L.<\/p>\n\n\n\n<p><br><strong>Fonte: Rebeca Lima\/ Cidade Verde\/ Com informa\u00e7\u00f5es da PRF<\/strong><\/p>\n","protected":false},"excerpt":{"rendered":"<p>Um motorista de 50 anos, que n\u00e3o teve a identidade revelada, colidiu na lateral de um caminh\u00e3o ap\u00f3s dormir ao volante na BR 343, nessa ter\u00e7a-feira (19), por volta das 10h15, em Teresina. Segundo informa\u00e7\u00f5es da Pol\u00edcia Rodovi\u00e1ria Federal (PRF), o motorista, que conduzia um ve\u00edculo modelo Fiat Palio, colidiu lateralmente em um caminh\u00e3o que [&hellip;]<\/p>\n","protected":false},"author":1,"featured_media":27729,"comment_status":"open","ping_status":"open","sticky":false,"template":"","format":"standard","meta":{"beyondwords_generate_audio":"","beyondwords_project_id":"","beyondwords_podcast_id":"","beyondwords_hash":"","beyondwords_error_message":"","beyondwords_disabled":"","publish_post_to_speechkit":"","speechkit_generate_audio":"","speechkit_project_id":"","speechkit_podcast_id":"","speechkit_hash":"","speechkit_error_message":"","speechkit_disabled":"","speechkit_access_key":"","speechkit_error":"","speechkit_info":"","speechkit_response":"","speechkit_retries":"","_speechkit_link":"","_speechkit_text":""},"categories":[51,81],"tags":[5563,132,70,403,188,701,116,46,58,91,52,7177],"jetpack_featured_media_url":"","_links":{"self":[{"href":"https:\/\/pinews.com.br\/index.php\/wp-json\/wp\/v2\/posts\/27802"}],"collection":[{"href":"https:\/\/pinews.com.br\/index.php\/wp-json\/wp\/v2\/posts"}],"about":[{"href":"https:\/\/pinews.com.br\/index.php\/wp-json\/wp\/v2\/types\/post"}],"author":[{"embeddable":true,"href":"https:\/\/pinews.com.br\/index.php\/wp-json\/wp\/v2\/users\/1"}],"replies":[{"embeddable":true,"href":"https:\/\/pinews.com.br\/index.php\/wp-json\/wp\/v2\/comments?post=27802"}],"version-history":[{"count":0,"href":"https:\/\/pinews.com.br\/index.php\/wp-json\/wp\/v2\/posts\/27802\/revisions"}],"wp:featuredmedia":[{"embeddable":true,"href":"https:\/\/pinews.com.br\/index.php\/wp-json\/"}],"wp:attachment":[{"href":"https:\/\/pinews.com.br\/index.php\/wp-json\/wp\/v2\/media?parent=27802"}],"wp:term":[{"taxonomy":"category","embeddable":true,"href":"https:\/\/pinews.com.br\/index.php\/wp-json\/wp\/v2\/categories?post=27802"},{"taxonomy":"post_tag","embeddable":true,"href":"https:\/\/pinews.com.br\/index.php\/wp-json\/wp\/v2\/tags?post=27802"}],"curies":[{"name":"wp","href":"https:\/\/api.w.org\/{rel}","templated":true}]}}