{"id":27868,"date":"2021-10-22T19:01:10","date_gmt":"2021-10-22T22:01:10","guid":{"rendered":"https:\/\/pinews.com.br\/?p=27868"},"modified":"2021-10-22T19:01:10","modified_gmt":"2021-10-22T22:01:10","slug":"moto-roubada-ha-24-anos-e-recuperada-e-homem-e-preso-por-receptacao-no-sul-do-piaui","status":"publish","type":"post","link":"https:\/\/pinews.com.br\/index.php\/2021\/10\/22\/moto-roubada-ha-24-anos-e-recuperada-e-homem-e-preso-por-receptacao-no-sul-do-piaui\/","title":{"rendered":"Moto roubada h\u00e1 24 anos \u00e9 recuperada e homem \u00e9 preso por recepta\u00e7\u00e3o no Sul do Piau\u00ed"},"content":{"rendered":"\n<p>Um homem de 55 anos foi preso por recepta\u00e7\u00e3o, na manh\u00e3 de quinta-feira (21), no munic\u00edpio de Inhuma, a 213 km de Teresina. Segundo a Pol\u00edcia Rodovi\u00e1ria Federal, o suspeito conduzia uma motocicleta roubada h\u00e1 24 anos.<\/p>\n\n\n\n<p>O ve\u00edculo foi localizado durante uma fiscaliza\u00e7\u00e3o de rotina na BR-316. Na abordagem, uma equipe de policiais constatou&nbsp;altera\u00e7\u00f5es nos sinais identificadores da moto, como cor e emplacamento.<\/p>\n\n\n\n<p>De acordo com o suspeito, que n\u00e3o teve a identidade revelada, a moto foi comprada por ele h\u00e1 dois anos, pelo valor de R$ 1.500.<\/p>\n\n\n\n<blockquote class=\"wp-block-quote\"><p>\u201cA motocicleta original era de cor vermelha, sem o primeiro emplacamento e com restri\u00e7\u00e3o de roubo em junho de 1997. O condutor informou que adquirira a motocicleta de uma pessoa desconhecida\u201d, informou a PRF.<\/p><\/blockquote>\n\n\n\n<p>Ainda conforme a PRF, o homem foi conduzido, com o ve\u00edculo, para a Delegacia de Pol\u00edcia Civil de Inhuma para os procedimentos legais. O crime de recepta\u00e7\u00e3o prev\u00ea deten\u00e7\u00e3o de um a quatro anos, al\u00e9m de multa.<\/p>\n\n\n\n<p><strong>Fonte: G1 PI<\/strong><\/p>\n","protected":false},"excerpt":{"rendered":"<p>Um homem de 55 anos foi preso por recepta\u00e7\u00e3o, na manh\u00e3 de quinta-feira (21), no munic\u00edpio de Inhuma, a 213 km de Teresina. Segundo a Pol\u00edcia Rodovi\u00e1ria Federal, o suspeito conduzia uma motocicleta roubada h\u00e1 24 anos. O ve\u00edculo foi localizado durante uma fiscaliza\u00e7\u00e3o de rotina na BR-316. Na abordagem, uma equipe de policiais constatou&nbsp;altera\u00e7\u00f5es [&hellip;]<\/p>\n","protected":false},"author":1,"featured_media":27869,"comment_status":"open","ping_status":"open","sticky":false,"template":"","format":"standard","meta":{"beyondwords_generate_audio":"","beyondwords_project_id":"","beyondwords_podcast_id":"","beyondwords_hash":"","beyondwords_error_message":"","beyondwords_disabled":"","publish_post_to_speechkit":"","speechkit_generate_audio":"","speechkit_project_id":"","speechkit_podcast_id":"","speechkit_hash":"","speechkit_error_message":"","speechkit_disabled":"","speechkit_access_key":"","speechkit_error":"","speechkit_info":"","speechkit_response":"","speechkit_retries":"","_speechkit_link":"","_speechkit_text":""},"categories":[51,78],"tags":[671,82,72,603,84,304,52,59,79,989,6955,813,120],"jetpack_featured_media_url":"","_links":{"self":[{"href":"https:\/\/pinews.com.br\/index.php\/wp-json\/wp\/v2\/posts\/27868"}],"collection":[{"href":"https:\/\/pinews.com.br\/index.php\/wp-json\/wp\/v2\/posts"}],"about":[{"href":"https:\/\/pinews.com.br\/index.php\/wp-json\/wp\/v2\/types\/post"}],"author":[{"embeddable":true,"href":"https:\/\/pinews.com.br\/index.php\/wp-json\/wp\/v2\/users\/1"}],"replies":[{"embeddable":true,"href":"https:\/\/pinews.com.br\/index.php\/wp-json\/wp\/v2\/comments?post=27868"}],"version-history":[{"count":0,"href":"https:\/\/pinews.com.br\/index.php\/wp-json\/wp\/v2\/posts\/27868\/revisions"}],"wp:featuredmedia":[{"embeddable":true,"href":"https:\/\/pinews.com.br\/index.php\/wp-json\/"}],"wp:attachment":[{"href":"https:\/\/pinews.com.br\/index.php\/wp-json\/wp\/v2\/media?parent=27868"}],"wp:term":[{"taxonomy":"category","embeddable":true,"href":"https:\/\/pinews.com.br\/index.php\/wp-json\/wp\/v2\/categories?post=27868"},{"taxonomy":"post_tag","embeddable":true,"href":"https:\/\/pinews.com.br\/index.php\/wp-json\/wp\/v2\/tags?post=27868"}],"curies":[{"name":"wp","href":"https:\/\/api.w.org\/{rel}","templated":true}]}}