{"id":27947,"date":"2021-10-25T11:14:33","date_gmt":"2021-10-25T14:14:33","guid":{"rendered":"https:\/\/pinews.com.br\/?p=27947"},"modified":"2021-10-25T11:14:33","modified_gmt":"2021-10-25T14:14:33","slug":"governador-anuncia-reajuste-salarial-para-servidores-estaduais-em-2022","status":"publish","type":"post","link":"https:\/\/pinews.com.br\/index.php\/2021\/10\/25\/governador-anuncia-reajuste-salarial-para-servidores-estaduais-em-2022\/","title":{"rendered":"Governador anuncia reajuste salarial para servidores estaduais em 2022"},"content":{"rendered":"\n<p>O governador Wellington Dias (PT) confirmou nesta segunda-feira (25) reajuste salarial para os servidores p\u00fablicos do estado em 2022. Segundo o secret\u00e1rio de Fazenda Rafael Fonteles, o aumento valer\u00e1 para todas as categorias.&nbsp;<\/p>\n\n\n\n<p>Ambos os gestores n\u00e3o adiantaram de quanto poder\u00e1 ser o acr\u00e9scimo. Conforme Wellington Dias, o governo do estado realiza, neste momento, um levantamento a fim de que a proposta seja enviada para Assembleia Legislativa do Piau\u00ed (ALEPI).&nbsp;<\/p>\n\n\n\n<p>\u201cCom o fim do limite do teto que termina em dezembro nossa equipe est\u00e1 intimando os \u00faltimos dados para encaminharmos para a Assembleia para o reajuste, que claro ter\u00e1 que ser realizado levando em conta a capacidade do estado, mas tamb\u00e9m com o compromisso de garantir a recupera\u00e7\u00e3o salarial. O dinheiro \u00e9 bom pra o servidor, mas tamb\u00e9m para a economia porque circula em muitas m\u00e3os\u201d, pontuou o governador.&nbsp;<\/p>\n\n\n\n<p>Rafael Fonteles pontuou que n\u00e3o foi poss\u00edvel conceder o reajuste salarial ainda neste ano, devido a Lei Complementar n\u00ba 173\/2020, institu\u00edda pelo governo Bolsonaro. A medida pro\u00edbe, at\u00e9 31 de dezembro de 2021, de conceder vantagem, aumento, reajuste ou adequa\u00e7\u00e3o de remunera\u00e7\u00e3o de servidores p\u00fablicos da Uni\u00e3o, Estados, Distrito Federal e Munic\u00edpios por conta da pandemia.<\/p>\n\n\n\n<p>\u201cN\u00e3o ser\u00e1 dado em 2021 por entendimento a Lei Complementar Federal 173. Estamos fazendo as proje\u00e7\u00f5es para saber o que \u00e9 poss\u00edvel avan\u00e7ar, mas todas as categorias do estado receber\u00e3o reajuste em 2022\u201d, pontuou.<\/p>\n\n\n\n<p>As declara\u00e7\u00f5es foram dadas durante a abertura durante a abertura da Semana do Servidor P\u00fablico, no Centro Administrativo, onde ser\u00e3o sorteados dois carros. Tamb\u00e9m participam da solenidade, a deputada federal Rejane Dias (PT) e o secret\u00e1rio de Planejamento do munic\u00edpio de Teresina, Jo\u00e3o Henrique Sousa.&nbsp;<\/p>\n\n\n\n<p><br><strong>Fonte: Flash Paula Sampaio\/ Cidade Verde<\/strong><\/p>\n","protected":false},"excerpt":{"rendered":"<p>O governador Wellington Dias (PT) confirmou nesta segunda-feira (25) reajuste salarial para os servidores p\u00fablicos do estado em 2022. Segundo o secret\u00e1rio de Fazenda Rafael Fonteles, o aumento valer\u00e1 para todas as categorias.&nbsp; Ambos os gestores n\u00e3o adiantaram de quanto poder\u00e1 ser o acr\u00e9scimo. Conforme Wellington Dias, o governo do estado realiza, neste momento, um [&hellip;]<\/p>\n","protected":false},"author":1,"featured_media":25147,"comment_status":"open","ping_status":"open","sticky":false,"template":"","format":"standard","meta":{"beyondwords_generate_audio":"","beyondwords_project_id":"","beyondwords_podcast_id":"","beyondwords_hash":"","beyondwords_error_message":"","beyondwords_disabled":"","publish_post_to_speechkit":"","speechkit_generate_audio":"","speechkit_project_id":"","speechkit_podcast_id":"","speechkit_hash":"","speechkit_error_message":"","speechkit_disabled":"","speechkit_access_key":"","speechkit_error":"","speechkit_info":"","speechkit_response":"","speechkit_retries":"","_speechkit_link":"","_speechkit_text":""},"categories":[516,51],"tags":[392,3195,46,9299,2310,350,519,3086,5610],"jetpack_featured_media_url":"","_links":{"self":[{"href":"https:\/\/pinews.com.br\/index.php\/wp-json\/wp\/v2\/posts\/27947"}],"collection":[{"href":"https:\/\/pinews.com.br\/index.php\/wp-json\/wp\/v2\/posts"}],"about":[{"href":"https:\/\/pinews.com.br\/index.php\/wp-json\/wp\/v2\/types\/post"}],"author":[{"embeddable":true,"href":"https:\/\/pinews.com.br\/index.php\/wp-json\/wp\/v2\/users\/1"}],"replies":[{"embeddable":true,"href":"https:\/\/pinews.com.br\/index.php\/wp-json\/wp\/v2\/comments?post=27947"}],"version-history":[{"count":0,"href":"https:\/\/pinews.com.br\/index.php\/wp-json\/wp\/v2\/posts\/27947\/revisions"}],"wp:featuredmedia":[{"embeddable":true,"href":"https:\/\/pinews.com.br\/index.php\/wp-json\/"}],"wp:attachment":[{"href":"https:\/\/pinews.com.br\/index.php\/wp-json\/wp\/v2\/media?parent=27947"}],"wp:term":[{"taxonomy":"category","embeddable":true,"href":"https:\/\/pinews.com.br\/index.php\/wp-json\/wp\/v2\/categories?post=27947"},{"taxonomy":"post_tag","embeddable":true,"href":"https:\/\/pinews.com.br\/index.php\/wp-json\/wp\/v2\/tags?post=27947"}],"curies":[{"name":"wp","href":"https:\/\/api.w.org\/{rel}","templated":true}]}}