{"id":27977,"date":"2021-10-26T10:51:24","date_gmt":"2021-10-26T13:51:24","guid":{"rendered":"https:\/\/pinews.com.br\/?p=27977"},"modified":"2021-10-26T10:51:24","modified_gmt":"2021-10-26T13:51:24","slug":"soldado-do-3o-bec-do-piaui-morre-em-acidente-com-viatura-do-exercito-no-maranhao","status":"publish","type":"post","link":"https:\/\/pinews.com.br\/index.php\/2021\/10\/26\/soldado-do-3o-bec-do-piaui-morre-em-acidente-com-viatura-do-exercito-no-maranhao\/","title":{"rendered":"Soldado do 3\u00ba BEC do Piau\u00ed morre em acidente com viatura do Ex\u00e9rcito no Maranh\u00e3o"},"content":{"rendered":"\n<p>O soldado&nbsp;3\u00ba Batalh\u00e3o de Engenharia e Constru\u00e7\u00e3o, Danilo Pereira da Silva, 19 anos, morreu ap\u00f3s um acidente com uma viatura militar na cidade de Bacabeira, no Maranh\u00e3o. O militar atuava nas obras realizadas no trecho da BR 135 que d\u00e1 acesso a S\u00e3o Lu\u00eds, capital maranhense.&nbsp;<\/p>\n\n\n\n<p>Por meio de nota, o 3\u00ba BEC, sediado no munic\u00edpio de Picos, informou que outros dois militares estavam na viatura no momento do acidente. O motorista est\u00e1 est\u00e1vel, recebendo atendimento m\u00e9dico em S\u00e3o Lu\u00eds, e o outro ocupante n\u00e3o sofreu ferimentos.<\/p>\n\n\n\n<p>As circunst\u00e2ncias do acidente n\u00e3o foram divulgadas pelo Ex\u00e9rcito. Um inqu\u00e9rito Policial Militar foi instaurado para apurar as causas.&nbsp;<\/p>\n\n\n\n<p>Ainda na nota divulgada, o 3\u00ba BEC informa que est\u00e1 prestando todo o apoio \u00e0 fam\u00edlia do soldado morto no acidente.&nbsp;<\/p>\n\n\n\n<p>Danilo Pereira da Silva era natural do munic\u00edpio de Valen\u00e7a<\/p>\n\n\n\n<p><strong>Fonte: Natanael Souza\/ Cidade Verde<\/strong><\/p>\n","protected":false},"excerpt":{"rendered":"<p>O soldado&nbsp;3\u00ba Batalh\u00e3o de Engenharia e Constru\u00e7\u00e3o, Danilo Pereira da Silva, 19 anos, morreu ap\u00f3s um acidente com uma viatura militar na cidade de Bacabeira, no Maranh\u00e3o. O militar atuava nas obras realizadas no trecho da BR 135 que d\u00e1 acesso a S\u00e3o Lu\u00eds, capital maranhense.&nbsp; Por meio de nota, o 3\u00ba BEC, sediado no [&hellip;]<\/p>\n","protected":false},"author":1,"featured_media":27978,"comment_status":"open","ping_status":"open","sticky":false,"template":"","format":"standard","meta":{"beyondwords_generate_audio":"","beyondwords_project_id":"","beyondwords_podcast_id":"","beyondwords_hash":"","beyondwords_error_message":"","beyondwords_disabled":"","publish_post_to_speechkit":"","speechkit_generate_audio":"","speechkit_project_id":"","speechkit_podcast_id":"","speechkit_hash":"","speechkit_error_message":"","speechkit_disabled":"","speechkit_access_key":"","speechkit_error":"","speechkit_info":"","speechkit_response":"","speechkit_retries":"","_speechkit_link":"","_speechkit_text":""},"categories":[134,51],"tags":[9348,176,5995,46,1348,1139,119,52,5998,415],"jetpack_featured_media_url":"","_links":{"self":[{"href":"https:\/\/pinews.com.br\/index.php\/wp-json\/wp\/v2\/posts\/27977"}],"collection":[{"href":"https:\/\/pinews.com.br\/index.php\/wp-json\/wp\/v2\/posts"}],"about":[{"href":"https:\/\/pinews.com.br\/index.php\/wp-json\/wp\/v2\/types\/post"}],"author":[{"embeddable":true,"href":"https:\/\/pinews.com.br\/index.php\/wp-json\/wp\/v2\/users\/1"}],"replies":[{"embeddable":true,"href":"https:\/\/pinews.com.br\/index.php\/wp-json\/wp\/v2\/comments?post=27977"}],"version-history":[{"count":0,"href":"https:\/\/pinews.com.br\/index.php\/wp-json\/wp\/v2\/posts\/27977\/revisions"}],"wp:featuredmedia":[{"embeddable":true,"href":"https:\/\/pinews.com.br\/index.php\/wp-json\/"}],"wp:attachment":[{"href":"https:\/\/pinews.com.br\/index.php\/wp-json\/wp\/v2\/media?parent=27977"}],"wp:term":[{"taxonomy":"category","embeddable":true,"href":"https:\/\/pinews.com.br\/index.php\/wp-json\/wp\/v2\/categories?post=27977"},{"taxonomy":"post_tag","embeddable":true,"href":"https:\/\/pinews.com.br\/index.php\/wp-json\/wp\/v2\/tags?post=27977"}],"curies":[{"name":"wp","href":"https:\/\/api.w.org\/{rel}","templated":true}]}}