{"id":27983,"date":"2021-10-26T11:00:11","date_gmt":"2021-10-26T14:00:11","guid":{"rendered":"https:\/\/pinews.com.br\/?p=27983"},"modified":"2021-10-26T11:00:11","modified_gmt":"2021-10-26T14:00:11","slug":"operacao-apreende-pecas-de-motos-e-carros-roubados-ou-furtados-em-em-duas-lojas-de-teresina","status":"publish","type":"post","link":"https:\/\/pinews.com.br\/index.php\/2021\/10\/26\/operacao-apreende-pecas-de-motos-e-carros-roubados-ou-furtados-em-em-duas-lojas-de-teresina\/","title":{"rendered":"Opera\u00e7\u00e3o apreende pe\u00e7as de motos e carros roubados ou furtados em em duas lojas de Teresina"},"content":{"rendered":"\n<p>Uma opera\u00e7\u00e3o da Delegacia de Pol\u00edcia Interestadual do Piau\u00ed (Polinter) e Secretaria Estadual da Fazenda (Sefaz) apreendeu nesta segunda-feira (25) pe\u00e7as de motos e carros roubados, que tinham como destino desmanches ilegais. Dois estabelecimentos, nos bairros Vila Irm\u00e3 Dulce, Saci, Vermelha e Santa Luzia, Zona Sul de Teresina, foram alvos da a\u00e7\u00e3o.<\/p>\n\n\n\n<p>De acordo a Sefaz, seis estabelecimentos estariam funcionando de forma ilegal por problemas com a presta\u00e7\u00e3o de contas. Um deles j\u00e1 estava, inclusive, com o funcionamento suspenso pela Secretaria.<\/p>\n\n\n\n<p>O delegado da Polinter informou que mais detalhes da opera\u00e7\u00e3o ser\u00e3o apresentados em um relat\u00f3rio oficial nesta ter\u00e7a-feira (26).<\/p>\n\n\n\n<p>Segundo a pol\u00edcia, foram apreendidos 9 (nove) carca\u00e7as de ve\u00edculos roubados, 36 (trinta e seis) motores de ve\u00edculos com restri\u00e7\u00e3o de roubo, 2 (dois) ve\u00edculos com restri\u00e7\u00e3o (LAND ROVER e HILUX), v\u00e1rios comandos eletr\u00f4nicos de ve\u00edculos de origem suspeita; ferramentas utilizadas nos desmanches dos ve\u00edculos e uma arma de fogo.<\/p>\n\n\n\n<p><strong>Fonte: G1 PI<\/strong><\/p>\n","protected":false},"excerpt":{"rendered":"<p>Uma opera\u00e7\u00e3o da Delegacia de Pol\u00edcia Interestadual do Piau\u00ed (Polinter) e Secretaria Estadual da Fazenda (Sefaz) apreendeu nesta segunda-feira (25) pe\u00e7as de motos e carros roubados, que tinham como destino desmanches ilegais. Dois estabelecimentos, nos bairros Vila Irm\u00e3 Dulce, Saci, Vermelha e Santa Luzia, Zona Sul de Teresina, foram alvos da a\u00e7\u00e3o. De acordo a [&hellip;]<\/p>\n","protected":false},"author":1,"featured_media":27984,"comment_status":"open","ping_status":"open","sticky":false,"template":"","format":"standard","meta":{"beyondwords_generate_audio":"","beyondwords_project_id":"","beyondwords_podcast_id":"","beyondwords_hash":"","beyondwords_error_message":"","beyondwords_disabled":"","publish_post_to_speechkit":"","speechkit_generate_audio":"","speechkit_project_id":"","speechkit_podcast_id":"","speechkit_hash":"","speechkit_error_message":"","speechkit_disabled":"","speechkit_access_key":"","speechkit_error":"","speechkit_info":"","speechkit_response":"","speechkit_retries":"","_speechkit_link":"","_speechkit_text":""},"categories":[51,78,81],"tags":[105,1086,44,260,46,926,2261,258,383,8804,1992,5900,187],"jetpack_featured_media_url":"","_links":{"self":[{"href":"https:\/\/pinews.com.br\/index.php\/wp-json\/wp\/v2\/posts\/27983"}],"collection":[{"href":"https:\/\/pinews.com.br\/index.php\/wp-json\/wp\/v2\/posts"}],"about":[{"href":"https:\/\/pinews.com.br\/index.php\/wp-json\/wp\/v2\/types\/post"}],"author":[{"embeddable":true,"href":"https:\/\/pinews.com.br\/index.php\/wp-json\/wp\/v2\/users\/1"}],"replies":[{"embeddable":true,"href":"https:\/\/pinews.com.br\/index.php\/wp-json\/wp\/v2\/comments?post=27983"}],"version-history":[{"count":0,"href":"https:\/\/pinews.com.br\/index.php\/wp-json\/wp\/v2\/posts\/27983\/revisions"}],"wp:featuredmedia":[{"embeddable":true,"href":"https:\/\/pinews.com.br\/index.php\/wp-json\/"}],"wp:attachment":[{"href":"https:\/\/pinews.com.br\/index.php\/wp-json\/wp\/v2\/media?parent=27983"}],"wp:term":[{"taxonomy":"category","embeddable":true,"href":"https:\/\/pinews.com.br\/index.php\/wp-json\/wp\/v2\/categories?post=27983"},{"taxonomy":"post_tag","embeddable":true,"href":"https:\/\/pinews.com.br\/index.php\/wp-json\/wp\/v2\/tags?post=27983"}],"curies":[{"name":"wp","href":"https:\/\/api.w.org\/{rel}","templated":true}]}}