{"id":28004,"date":"2021-10-26T18:53:08","date_gmt":"2021-10-26T21:53:08","guid":{"rendered":"https:\/\/pinews.com.br\/?p=28004"},"modified":"2021-10-26T18:53:08","modified_gmt":"2021-10-26T21:53:08","slug":"sindicato-denuncia-condicoes-precarias-no-laboratorio-central-do-piaui-e-falta-de-materiais","status":"publish","type":"post","link":"https:\/\/pinews.com.br\/index.php\/2021\/10\/26\/sindicato-denuncia-condicoes-precarias-no-laboratorio-central-do-piaui-e-falta-de-materiais\/","title":{"rendered":"Sindicato denuncia condi\u00e7\u00f5es prec\u00e1rias no Laborat\u00f3rio Central do Piau\u00ed e falta de materiais"},"content":{"rendered":"\n<p>O Sindicato dos Empregados em Estabelecimentos de Sa\u00fade P\u00fablica do Piau\u00ed (Sindespi) denunciou as condi\u00e7\u00f5es prec\u00e1rias em que se encontra o Laborat\u00f3rio Central do Piau\u00ed (Lacen-PI). Em agosto deste ano, a entidade relatou os mesmos problemas no laborat\u00f3rio.<\/p>\n\n\n\n<p>Procurada pelo g1, a Secretaria Estadual de Sa\u00fade (Sesapi) informou que o Lacen vai receber uma grande reforma na estrutura. Segundo a Sesapi, o projeto est\u00e1 pronto desde o ano passado, mas por conta da pandemia de Covid-19, sua execu\u00e7\u00e3o teve que ser adiada. Em rela\u00e7\u00e3o aos EPI\u00b4s, a Secretaria esclareceu que a distribui\u00e7\u00e3o dos equipamentos de prote\u00e7\u00e3o tem acontecido de forma sistem\u00e1tica em todas as unidades de sa\u00fade do estado.<\/p>\n\n\n\n<p>Na manh\u00e3 desta ter\u00e7a-feira (26), representantes do sindicato realizaram uma visita no Lacen e flagraram salas com infiltra\u00e7\u00f5es, exames amontoados em caixas jogadas no ch\u00e3o, falta de materiais b\u00e1sicos de trabalho e equipamentos de prote\u00e7\u00e3o inadequados.<\/p>\n\n\n\n<figure class=\"wp-block-image\"><img decoding=\"async\" src=\"https:\/\/s2.glbimg.com\/lDvB9CGelEmMJO-WoQ-RwJCRXZ8=\/0x0:1600x1566\/984x0\/smart\/filters:strip_icc()\/i.s3.glbimg.com\/v1\/AUTH_59edd422c0c84a879bd37670ae4f538a\/internal_photos\/bs\/2021\/U\/Q\/wmLD56SVCjAu4MLAIByg\/whatsapp-image-2021-10-26-at-15.36.50.jpeg\" alt=\"Exames foram encontrados amontoados em caixas \u2014 Foto: Divulga\u00e7\u00e3o \/Sindespi\"\/><figcaption>Exames foram encontrados amontoados em caixas \u2014 Foto: Divulga\u00e7\u00e3o \/Sindespi<\/figcaption><\/figure>\n\n\n\n<p>&#8220;Todo o material no setor de testes r\u00e1pidos deveria estar na geladeira, em uma sala onde o ar condicionado que n\u00e3o funciona e est\u00e1 cheia de fungos. Hoje nem papel higi\u00eanico foi encontrado. Nem m\u00e1scara adequada tem para trabalhar. Essa situa\u00e7\u00e3o n\u00e3o \u00e9 diferente na unidade do bairro Primavera&#8221;, disse a presidente do Sindespi, Geane Sousa.<\/p>\n\n\n\n<h2><em>Nota da Sesapi na \u00edntegra:<\/em><\/h2>\n\n\n\n<p><em>O Lacen, Laborat\u00f3rio Central do Estado vai receber uma grande reforma na estrutura. O investimento que ser\u00e1 realizado pela Secretaria de Estado da sa\u00fade inclui reparos no telhado e instala\u00e7\u00f5es el\u00e9tricas da unidade, al\u00e9m do almoxarifado, adequa\u00e7\u00e3o do dormit\u00f3rio para funcion\u00e1rios, dentre outras interven\u00e7\u00f5es. O projeto est\u00e1 pronto desde o ano passado, mas por conta da pandemia de Covid-19, sua execu\u00e7\u00e3o teve que ser adiada.<\/em><\/p>\n\n\n\n<p><em>Durante a pandemia, o Laborat\u00f3rio Central tem desempenhado papel importante no combate a doen\u00e7a, quando teve a sua carga de trabalho ampliada, realizando de mar\u00e7o de 2020 para c\u00e1, quase 400 mil exames para detectar o v\u00edrus Sars-Cov-2. A testagem em larga escala possibilitou o diagn\u00f3stico precoce da doen\u00e7a e a\u00e7\u00f5es imediatas para controle do v\u00edrus no estado.<\/em><\/p>\n\n\n\n<p><em>Em rela\u00e7\u00e3o aos EPI\u00b4s, a Sesapi esclarece que a distribui\u00e7\u00e3o de Equipamentos de Prote\u00e7\u00e3o Individual (EPI\u2019s) tem acontecido de forma sistem\u00e1tica em todas as unidades de sa\u00fade do estado.<\/em><\/p>\n\n\n\n<p><strong>Fonte: G1 PI<\/strong><\/p>\n","protected":false},"excerpt":{"rendered":"<p>O Sindicato dos Empregados em Estabelecimentos de Sa\u00fade P\u00fablica do Piau\u00ed (Sindespi) denunciou as condi\u00e7\u00f5es prec\u00e1rias em que se encontra o Laborat\u00f3rio Central do Piau\u00ed (Lacen-PI). Em agosto deste ano, a entidade relatou os mesmos problemas no laborat\u00f3rio. Procurada pelo g1, a Secretaria Estadual de Sa\u00fade (Sesapi) informou que o Lacen vai receber uma grande [&hellip;]<\/p>\n","protected":false},"author":1,"featured_media":28005,"comment_status":"open","ping_status":"open","sticky":false,"template":"","format":"standard","meta":{"beyondwords_generate_audio":"","beyondwords_project_id":"","beyondwords_podcast_id":"","beyondwords_hash":"","beyondwords_error_message":"","beyondwords_disabled":"","publish_post_to_speechkit":"","speechkit_generate_audio":"","speechkit_project_id":"","speechkit_podcast_id":"","speechkit_hash":"","speechkit_error_message":"","speechkit_disabled":"","speechkit_access_key":"","speechkit_error":"","speechkit_info":"","speechkit_response":"","speechkit_retries":"","_speechkit_link":"","_speechkit_text":""},"categories":[51],"tags":[5567,1055,44,629,5682,6886,9352,52,9353,2066],"jetpack_featured_media_url":"","_links":{"self":[{"href":"https:\/\/pinews.com.br\/index.php\/wp-json\/wp\/v2\/posts\/28004"}],"collection":[{"href":"https:\/\/pinews.com.br\/index.php\/wp-json\/wp\/v2\/posts"}],"about":[{"href":"https:\/\/pinews.com.br\/index.php\/wp-json\/wp\/v2\/types\/post"}],"author":[{"embeddable":true,"href":"https:\/\/pinews.com.br\/index.php\/wp-json\/wp\/v2\/users\/1"}],"replies":[{"embeddable":true,"href":"https:\/\/pinews.com.br\/index.php\/wp-json\/wp\/v2\/comments?post=28004"}],"version-history":[{"count":0,"href":"https:\/\/pinews.com.br\/index.php\/wp-json\/wp\/v2\/posts\/28004\/revisions"}],"wp:featuredmedia":[{"embeddable":true,"href":"https:\/\/pinews.com.br\/index.php\/wp-json\/"}],"wp:attachment":[{"href":"https:\/\/pinews.com.br\/index.php\/wp-json\/wp\/v2\/media?parent=28004"}],"wp:term":[{"taxonomy":"category","embeddable":true,"href":"https:\/\/pinews.com.br\/index.php\/wp-json\/wp\/v2\/categories?post=28004"},{"taxonomy":"post_tag","embeddable":true,"href":"https:\/\/pinews.com.br\/index.php\/wp-json\/wp\/v2\/tags?post=28004"}],"curies":[{"name":"wp","href":"https:\/\/api.w.org\/{rel}","templated":true}]}}