{"id":28128,"date":"2021-10-31T11:50:43","date_gmt":"2021-10-31T14:50:43","guid":{"rendered":"https:\/\/pinews.com.br\/?p=28128"},"modified":"2021-10-31T11:50:43","modified_gmt":"2021-10-31T14:50:43","slug":"regiao-no-piaui-esta-ha-tres-meses-com-100-de-ocupacao-em-utis-aponta-levantamento","status":"publish","type":"post","link":"https:\/\/pinews.com.br\/index.php\/2021\/10\/31\/regiao-no-piaui-esta-ha-tres-meses-com-100-de-ocupacao-em-utis-aponta-levantamento\/","title":{"rendered":"Regi\u00e3o no Piau\u00ed est\u00e1 h\u00e1 tr\u00eas meses com 100% de ocupa\u00e7\u00e3o em UTIs, aponta levantamento"},"content":{"rendered":"\n<p>No Piau\u00ed, o territ\u00f3rio que corresponde aos Vales dos Rios Piau\u00ed e Itaueiras tem apresentado h\u00e1 tr\u00eas meses uma taxa de ocupa\u00e7\u00e3o de 100% em leitos de Unidades de Terapia Intensiva (UTI) covid. O dado faz parte de um levantamento feito pelo N\u00facleo de Estudos em Sa\u00fade P\u00fablica da Universidade Federal do Piau\u00ed (NESP-UFPI) e obtidos pela reportagem neste domingo (31).<\/p>\n\n\n\n<p>Segundo informa\u00e7\u00f5es repassadas pelo coordenador do N\u00facleo de Estudos Em\u00eddio Matos, a regi\u00e3o de sa\u00fade corresponde \u00e0 cidade de Floriano e munic\u00edpios do entorno. Al\u00e9m desta \u00e1rea, o Vale do Canind\u00e9 \u2013em Oeiras e cidades pr\u00f3ximas \u2013 tamb\u00e9m passou a registrar ocupa\u00e7\u00e3o total dos leitos de UTI nos \u00faltimos 15 dias.&nbsp;<\/p>\n\n\n\n<p>Por outro lado, ainda conforme informa\u00e7\u00f5es da pesquisa, das oito regi\u00f5es de sa\u00fade estabelecidas no Piau\u00ed, quatro est\u00e3o com \u00edndices abaixo de 50%. Confira a seguir o estado de cada uma delas:<\/p>\n\n\n\n<ol><li>Plan\u00edcie Litoranea: ocupa\u00e7\u00e3o 15%<\/li><li>Cocais: ocupa\u00e7\u00e3o 60%<\/li><li>Entre Rios, Carnaubais e Vale do Sambito: ocupa\u00e7\u00e3o 47%<\/li><li>Vale do Rio Guaribas Chapada Vale do Rio Itaim: ocupa\u00e7\u00e3o 70%<\/li><li>Vales dos Rios Piau\u00ed e Itaueiras Tabuleiros do Alto Parna\u00edba: ocupa\u00e7\u00e3o 100%<\/li><li>Vale do Canind\u00e9: ocupa\u00e7\u00e3o 100%<\/li><li>Chapada das Mangabeiras: ocupa\u00e7\u00e3o 22%<\/li><li>Serra da Capivara: Ocupa\u00e7\u00e3o 0% (n\u00e3o possui mais leitos de UTI Covid)<\/li><\/ol>\n\n\n\n<p>Para Em\u00eddio Matos, a discrep\u00e2ncia nas estat\u00edsticas apresentadas pelos territ\u00f3rios piauienses demonstra que o controle alcan\u00e7ado pelo estado sob a pandemia n\u00e3o \u00e9 uniforme. O professor tamb\u00e9m recomendou o aumento de testagem da popula\u00e7\u00e3o como uma forma de identificar as \u00e1reas com eleva\u00e7\u00e3o de casos, antes que os infectados cheguem \u00e0 necessidade de interna\u00e7\u00e3o.&nbsp;<\/p>\n\n\n\n<p>\u201cIsso implica no que chamamos em uma iniquidade em sa\u00fade, na qual o acesso n\u00e3o \u00e9 igual para todo mundo, e essa sobrecarga na rede hospitalar. \u00c9 esse cen\u00e1rio que temos neste momento em rela\u00e7\u00e3o \u00e0 alta complexidade numa pandemia que definitivamente ainda n\u00e3o est\u00e1 sob controle com essas oscila\u00e7\u00f5es em diferentes territ\u00f3rios de sa\u00fade\u201d, explicou.&nbsp;<\/p>\n\n\n\n<p><strong>Fonte: Paula Sampaio\/ Cidade Verde<\/strong><\/p>\n","protected":false},"excerpt":{"rendered":"<p>No Piau\u00ed, o territ\u00f3rio que corresponde aos Vales dos Rios Piau\u00ed e Itaueiras tem apresentado h\u00e1 tr\u00eas meses uma taxa de ocupa\u00e7\u00e3o de 100% em leitos de Unidades de Terapia Intensiva (UTI) covid. O dado faz parte de um levantamento feito pelo N\u00facleo de Estudos em Sa\u00fade P\u00fablica da Universidade Federal do Piau\u00ed (NESP-UFPI) e [&hellip;]<\/p>\n","protected":false},"author":1,"featured_media":28129,"comment_status":"open","ping_status":"open","sticky":false,"template":"","format":"standard","meta":{"beyondwords_generate_audio":"","beyondwords_project_id":"","beyondwords_podcast_id":"","beyondwords_hash":"","beyondwords_error_message":"","beyondwords_disabled":"","publish_post_to_speechkit":"","speechkit_generate_audio":"","speechkit_project_id":"","speechkit_podcast_id":"","speechkit_hash":"","speechkit_error_message":"","speechkit_disabled":"","speechkit_access_key":"","speechkit_error":"","speechkit_info":"","speechkit_response":"","speechkit_retries":"","_speechkit_link":"","_speechkit_text":""},"categories":[51],"tags":[5329,6097,44,46,5717,603,5577,118,7573,52,203,239,2807],"jetpack_featured_media_url":"","_links":{"self":[{"href":"https:\/\/pinews.com.br\/index.php\/wp-json\/wp\/v2\/posts\/28128"}],"collection":[{"href":"https:\/\/pinews.com.br\/index.php\/wp-json\/wp\/v2\/posts"}],"about":[{"href":"https:\/\/pinews.com.br\/index.php\/wp-json\/wp\/v2\/types\/post"}],"author":[{"embeddable":true,"href":"https:\/\/pinews.com.br\/index.php\/wp-json\/wp\/v2\/users\/1"}],"replies":[{"embeddable":true,"href":"https:\/\/pinews.com.br\/index.php\/wp-json\/wp\/v2\/comments?post=28128"}],"version-history":[{"count":0,"href":"https:\/\/pinews.com.br\/index.php\/wp-json\/wp\/v2\/posts\/28128\/revisions"}],"wp:featuredmedia":[{"embeddable":true,"href":"https:\/\/pinews.com.br\/index.php\/wp-json\/"}],"wp:attachment":[{"href":"https:\/\/pinews.com.br\/index.php\/wp-json\/wp\/v2\/media?parent=28128"}],"wp:term":[{"taxonomy":"category","embeddable":true,"href":"https:\/\/pinews.com.br\/index.php\/wp-json\/wp\/v2\/categories?post=28128"},{"taxonomy":"post_tag","embeddable":true,"href":"https:\/\/pinews.com.br\/index.php\/wp-json\/wp\/v2\/tags?post=28128"}],"curies":[{"name":"wp","href":"https:\/\/api.w.org\/{rel}","templated":true}]}}