{"id":28134,"date":"2021-10-31T11:58:52","date_gmt":"2021-10-31T14:58:52","guid":{"rendered":"https:\/\/pinews.com.br\/?p=28134"},"modified":"2021-10-31T11:58:52","modified_gmt":"2021-10-31T14:58:52","slug":"adolescente-de-16-anos-morre-apos-colisao-entre-veiculo-e-moto-em-oeiras","status":"publish","type":"post","link":"https:\/\/pinews.com.br\/index.php\/2021\/10\/31\/adolescente-de-16-anos-morre-apos-colisao-entre-veiculo-e-moto-em-oeiras\/","title":{"rendered":"Adolescente de 16 anos morre ap\u00f3s colis\u00e3o entre ve\u00edculo e moto em Oeiras"},"content":{"rendered":"\n<p>Um adolescente identificado como Lucas de Sousa Santos, de 16 anos, morreu em uma grave colis\u00e3o frontal envolvendo uma motocicleta e um ve\u00edculo, no fim da tarde deste s\u00e1bado (30), em um trecho da na PI-236, na localidade Estreito, zona rural do munic\u00edpio de Oeiras, que liga Oeiras a Santa Cruz do Piau\u00ed.<\/p>\n\n\n\n<p>Ao Meionorte.com, o Subcomandante da Pol\u00edcia Militar de Oeiras, Major Santos, informou que populares ainda ligaram para o Servi\u00e7o de Atendimento M\u00f3vel de Urg\u00eancia (SAMU), mas o jovem j\u00e1 estava sem vida. O condutor do carro envolvido no acidente, de modelo  Fiat Siena, que colidiu na motocicleta, evadiu-se do local, deixando o ve\u00edculo abandonado na rodovia.<\/p>\n\n\n\n<p>\u201cDe imediato o COPOM repassou a a ocorr\u00eancia para o efetivo de uma das viaturas de servi\u00e7o que, por sua vez, comunicou o fato na Delegacia de Pol\u00edcia, para providenciarem o deslocamento dos peritos ao local e fazerem os procedimentos cab\u00edveis. Em seguida, o efetivo da Viatura Policial da For\u00e7a T\u00e1tica se deslocou at\u00e9 o local do acidente por determina\u00e7\u00e3o do Coordenador de Policiamento de Unidade &#8211; CPU\u201d, disse.&nbsp;<\/p>\n\n\n\n<p>H\u00e1 informa\u00e7\u00f5es de que o jovem, que era inabilitado, foi arremessado fora da pista devido o impacto e se chocou contra um poste. A pol\u00edcia Militar e Civil foram acionadas para realizarem os procedimentos e encaminhar o corpo para UPA-24h de Oeiras, que ap\u00f3s per\u00edcia foi liberado para fam\u00edlia. Os ve\u00edculos envolvidos no acidente foram removidos para o p\u00e1tio da Delegacia de Pol\u00edcia Civil de Oeiras, onde a autoridade policial tomar\u00e1 todas as provid\u00eancias previstas em lei. As causas do acidente ser\u00e3o investigadas. <\/p>\n\n\n\n<p><strong>Fonte: Meio Norte<\/strong><\/p>\n","protected":false},"excerpt":{"rendered":"<p>Um adolescente identificado como Lucas de Sousa Santos, de 16 anos, morreu em uma grave colis\u00e3o frontal envolvendo uma motocicleta e um ve\u00edculo, no fim da tarde deste s\u00e1bado (30), em um trecho da na PI-236, na localidade Estreito, zona rural do munic\u00edpio de Oeiras, que liga Oeiras a Santa Cruz do Piau\u00ed. Ao Meionorte.com, [&hellip;]<\/p>\n","protected":false},"author":1,"featured_media":28135,"comment_status":"open","ping_status":"open","sticky":false,"template":"","format":"standard","meta":{"beyondwords_generate_audio":"","beyondwords_project_id":"","beyondwords_podcast_id":"","beyondwords_hash":"","beyondwords_error_message":"","beyondwords_disabled":"","publish_post_to_speechkit":"","speechkit_generate_audio":"","speechkit_project_id":"","speechkit_podcast_id":"","speechkit_hash":"","speechkit_error_message":"","speechkit_disabled":"","speechkit_access_key":"","speechkit_error":"","speechkit_info":"","speechkit_response":"","speechkit_retries":"","_speechkit_link":"","_speechkit_text":""},"categories":[51],"tags":[175,177,82,70,256,44,46,178,119,304,1266,158],"jetpack_featured_media_url":"","_links":{"self":[{"href":"https:\/\/pinews.com.br\/index.php\/wp-json\/wp\/v2\/posts\/28134"}],"collection":[{"href":"https:\/\/pinews.com.br\/index.php\/wp-json\/wp\/v2\/posts"}],"about":[{"href":"https:\/\/pinews.com.br\/index.php\/wp-json\/wp\/v2\/types\/post"}],"author":[{"embeddable":true,"href":"https:\/\/pinews.com.br\/index.php\/wp-json\/wp\/v2\/users\/1"}],"replies":[{"embeddable":true,"href":"https:\/\/pinews.com.br\/index.php\/wp-json\/wp\/v2\/comments?post=28134"}],"version-history":[{"count":0,"href":"https:\/\/pinews.com.br\/index.php\/wp-json\/wp\/v2\/posts\/28134\/revisions"}],"wp:featuredmedia":[{"embeddable":true,"href":"https:\/\/pinews.com.br\/index.php\/wp-json\/"}],"wp:attachment":[{"href":"https:\/\/pinews.com.br\/index.php\/wp-json\/wp\/v2\/media?parent=28134"}],"wp:term":[{"taxonomy":"category","embeddable":true,"href":"https:\/\/pinews.com.br\/index.php\/wp-json\/wp\/v2\/categories?post=28134"},{"taxonomy":"post_tag","embeddable":true,"href":"https:\/\/pinews.com.br\/index.php\/wp-json\/wp\/v2\/tags?post=28134"}],"curies":[{"name":"wp","href":"https:\/\/api.w.org\/{rel}","templated":true}]}}