{"id":28140,"date":"2021-10-31T19:24:52","date_gmt":"2021-10-31T22:24:52","guid":{"rendered":"https:\/\/pinews.com.br\/?p=28140"},"modified":"2021-10-31T19:24:52","modified_gmt":"2021-10-31T22:24:52","slug":"onibus-que-saiu-do-piaui-tomba-na-br-020-e-deixa-11-pessoas-feridas-no-df","status":"publish","type":"post","link":"https:\/\/pinews.com.br\/index.php\/2021\/10\/31\/onibus-que-saiu-do-piaui-tomba-na-br-020-e-deixa-11-pessoas-feridas-no-df\/","title":{"rendered":"\u00d4nibus que saiu do Piau\u00ed tomba na BR-020 e deixa 11 pessoas feridas, no DF"},"content":{"rendered":"\n<p>Um \u00f4nibus de turismo da empresa Catedral, que realizava o trecho entre a cidade de Teresina (PI) para Bras\u00edlia, tombou na BR-020, pr\u00f3ximo \u00e0 entrada de Sobradinho, no sentido Plano Piloto, na manh\u00e3 deste domingo (31). Ao todo, 11 pessoas ficaram feridas, mas nenhuma em estado grave.<\/p>\n\n\n\n<p>O Corpo de Bombeiros Militar do Distrito Federal (CBMDF) atendeu a ocorr\u00eancia, por volta das 11h40, empregando cinco viaturas e vinte e dois militares.<\/p>\n\n\n\n<p>Segundo o motorista do ve\u00edculo e testemunhas, o \u00f4nibus foi fechado e perdeu o controle ao desviar. No momento do acidente a via estava molhada devido \u00e0s chuvas da manh\u00e3.<\/p>\n\n\n\n<p>A equipe dos bombeiros realizou uma triagem das v\u00edtimas de acordo com a gravidades. A maioria dos ferimentos eram escoria\u00e7\u00f5es.<\/p>\n\n\n\n<p>Um jovem de 18 anos, consciente e orientado, ficou com o bra\u00e7o imprensado nas ferragens do ve\u00edculo. Ele foi retirado e transportado para o Hospital de Base de Bras\u00edlia.<\/p>\n\n\n\n<p>As v\u00edtimas foram transportadas para os hospitais regionais de Planaltina e do Parano\u00e1. O motorista n\u00e3o soube informar com exatid\u00e3o a quantidade de passageiros no momento do acidente.<\/p>\n\n\n\n<p><strong>Fonte: G1 DF<\/strong><\/p>\n","protected":false},"excerpt":{"rendered":"<p>Um \u00f4nibus de turismo da empresa Catedral, que realizava o trecho entre a cidade de Teresina (PI) para Bras\u00edlia, tombou na BR-020, pr\u00f3ximo \u00e0 entrada de Sobradinho, no sentido Plano Piloto, na manh\u00e3 deste domingo (31). Ao todo, 11 pessoas ficaram feridas, mas nenhuma em estado grave. O Corpo de Bombeiros Militar do Distrito Federal [&hellip;]<\/p>\n","protected":false},"author":1,"featured_media":28141,"comment_status":"open","ping_status":"open","sticky":false,"template":"","format":"standard","meta":{"beyondwords_generate_audio":"","beyondwords_project_id":"","beyondwords_podcast_id":"","beyondwords_hash":"","beyondwords_error_message":"","beyondwords_disabled":"","publish_post_to_speechkit":"","speechkit_generate_audio":"","speechkit_project_id":"","speechkit_podcast_id":"","speechkit_hash":"","speechkit_error_message":"","speechkit_disabled":"","speechkit_access_key":"","speechkit_error":"","speechkit_info":"","speechkit_response":"","speechkit_retries":"","_speechkit_link":"","_speechkit_text":""},"categories":[134,51],"tags":[3631,357,252,5973,257,91,301,259,52,7250,417],"jetpack_featured_media_url":"","_links":{"self":[{"href":"https:\/\/pinews.com.br\/index.php\/wp-json\/wp\/v2\/posts\/28140"}],"collection":[{"href":"https:\/\/pinews.com.br\/index.php\/wp-json\/wp\/v2\/posts"}],"about":[{"href":"https:\/\/pinews.com.br\/index.php\/wp-json\/wp\/v2\/types\/post"}],"author":[{"embeddable":true,"href":"https:\/\/pinews.com.br\/index.php\/wp-json\/wp\/v2\/users\/1"}],"replies":[{"embeddable":true,"href":"https:\/\/pinews.com.br\/index.php\/wp-json\/wp\/v2\/comments?post=28140"}],"version-history":[{"count":0,"href":"https:\/\/pinews.com.br\/index.php\/wp-json\/wp\/v2\/posts\/28140\/revisions"}],"wp:featuredmedia":[{"embeddable":true,"href":"https:\/\/pinews.com.br\/index.php\/wp-json\/"}],"wp:attachment":[{"href":"https:\/\/pinews.com.br\/index.php\/wp-json\/wp\/v2\/media?parent=28140"}],"wp:term":[{"taxonomy":"category","embeddable":true,"href":"https:\/\/pinews.com.br\/index.php\/wp-json\/wp\/v2\/categories?post=28140"},{"taxonomy":"post_tag","embeddable":true,"href":"https:\/\/pinews.com.br\/index.php\/wp-json\/wp\/v2\/tags?post=28140"}],"curies":[{"name":"wp","href":"https:\/\/api.w.org\/{rel}","templated":true}]}}