{"id":28207,"date":"2021-11-02T19:36:02","date_gmt":"2021-11-02T22:36:02","guid":{"rendered":"https:\/\/pinews.com.br\/?p=28207"},"modified":"2021-11-02T19:36:02","modified_gmt":"2021-11-02T22:36:02","slug":"pai-e-filho-estao-entre-mortos-em-atropelamento-na-br-020-em-santo-antonio-de-lisboa-vitimas-retornavam-de-romaria","status":"publish","type":"post","link":"https:\/\/pinews.com.br\/index.php\/2021\/11\/02\/pai-e-filho-estao-entre-mortos-em-atropelamento-na-br-020-em-santo-antonio-de-lisboa-vitimas-retornavam-de-romaria\/","title":{"rendered":"Pai e filho est\u00e3o entre mortos em atropelamento na BR 020, em Santo Ant\u00f4nio de Lisboa; v\u00edtimas retornavam de romaria"},"content":{"rendered":"\n<p>Quatro pessoas morreram na noite desta segunda-feira (01) ap\u00f3s serem atropeladas por um caminh\u00e3o no acostamento da BR 020, em Santo Ant\u00f4nio de Lisboa, distante cerca de 280 Km ao sul de Teresina. De acordo com a Pol\u00edcia Rodovi\u00e1ria Federal, as v\u00edtimas eram tr\u00eas passageiros de um \u00f4nibus que tinha como destino o munic\u00edpio de S\u00e3o Jo\u00e3o da Canabrava, al\u00e9m do motorista do ve\u00edculo, que trocava um pneu no momento do atropelamento.&nbsp;<\/p>\n\n\n\n<p>O diretor da Unidade B\u00e1sica Avan\u00e7ada de Sa\u00fade de S\u00e3o Jo\u00e3o da Canabrava, Fabiano Sousa, acompanha o caso e informou ao<em>&nbsp;Cidadeverde.com<\/em>&nbsp;que entre os mortos no atropelamento, est\u00e3o pai e filho, identificados como Lu\u00eds Jos\u00e9 de Brito Filho (72 anos) e Lu\u00eds Jose de Brito Neto (36 anos), que era o motorista do ve\u00edculo.<\/p>\n\n\n\n<p>A terceira pessoa morta \u00e9 uma mulher identificada como Isabel de Sousa Veloso Lopes (53 anos).<\/p>\n\n\n\n<p>As tr\u00eas v\u00edtimas moram no munic\u00edpio de S\u00e3o Jo\u00e3o da Canabrava e retornavam de uma romaria na cidade de Canind\u00e9, no Cear\u00e1.&nbsp;<\/p>\n\n\n\n<p>A quarta v\u00edtima que tamb\u00e9m morreu no atropelamento ainda n\u00e3o teve a identidade revelada.&nbsp;<\/p>\n\n\n\n<p>Uma crian\u00e7a de 7 anos e uma mulher de 33 anos tiveram les\u00f5es graves. Dois homens de 27 e 30 anos tiveram les\u00f5es leves.Os feridos foram atendidos pelo Samu e encaminhados para o Hospital Regional Justino Luz, em Picos.<\/p>\n\n\n\n<p>A assessoria do hospital relatou que o estado de sa\u00fade de todos os feridos encaminhados ao local \u00e9 est\u00e1vel.&nbsp;<\/p>\n\n\n\n<p>Em rela\u00e7\u00e3o aos pacientes que chegaram em estado grave, o hospital informou que mulher de 33 anos passou por cirurgia e aguarda transfer\u00eancia para Teresina. J\u00e1 a crian\u00e7a de sete anos dever\u00e1 realizar uma cirurgia nesta ter\u00e7a-feira (02).<\/p>\n\n\n\n<p>Nas redes sociais, a prefeitura de S\u00e3o Jo\u00e3o da Canabrava divulgou nota de pesar e decretou luto oficial de tr\u00eas dias na cidade. <\/p>\n\n\n\n<p><strong>O acidente&nbsp;<\/strong><\/p>\n\n\n\n<p>Segundo a PRF, o \u00f4nibus estava imobilizado com o pneu furado e em manuten\u00e7\u00e3o no acostamento da BR 020. As v\u00edtimas ajudavam o motorista iluminando o local atrav\u00e9s das lanternas dos celulares.<\/p>\n\n\n\n<p>O motorista do caminh\u00e3o n\u00e3o teria percebido a presen\u00e7a de pedestres na pista e os atropelou, fugindo do local ap\u00f3s o ocorrido.<\/p>\n\n\n\n<figure class=\"wp-block-image\"><img decoding=\"async\" src=\"https:\/\/cidadeverde.com\/assets\/uploads\/noticias\/a48be611a245e74f29d1625fac6ac07f.jpg\" alt=\"\"\/><figcaption><em>Foto: Divulga\u00e7\u00e3o\/PRF<\/em><\/figcaption><\/figure>\n\n\n\n<p>Os policiais constataram preliminarmente que a causa principal do acidente foi a presen\u00e7a de pedestres na pista e velocidade incompat\u00edvel do caminh\u00e3o.<\/p>\n\n\n\n<p>A per\u00edcia t\u00e9cnica tamb\u00e9m foi acionada para determinar as causas do acidente.&nbsp;<\/p>\n\n\n\n<p>A PRF relatou ainda que o \u00f4nibus que realizava o transporte dos passageiros estava irregular e que segue com investiga\u00e7\u00f5es para localizar o motorista do caminh\u00e3o que atropelou as v\u00edtimas. <\/p>\n\n\n\n<p><br><strong>Fonte: Natanael Souza e Rebeca Lima\/ Cidade Verde<\/strong><\/p>\n","protected":false},"excerpt":{"rendered":"<p>Quatro pessoas morreram na noite desta segunda-feira (01) ap\u00f3s serem atropeladas por um caminh\u00e3o no acostamento da BR 020, em Santo Ant\u00f4nio de Lisboa, distante cerca de 280 Km ao sul de Teresina. De acordo com a Pol\u00edcia Rodovi\u00e1ria Federal, as v\u00edtimas eram tr\u00eas passageiros de um \u00f4nibus que tinha como destino o munic\u00edpio de [&hellip;]<\/p>\n","protected":false},"author":1,"featured_media":28208,"comment_status":"open","ping_status":"open","sticky":false,"template":"","format":"standard","meta":{"beyondwords_generate_audio":"","beyondwords_project_id":"","beyondwords_podcast_id":"","beyondwords_hash":"","beyondwords_error_message":"","beyondwords_disabled":"","publish_post_to_speechkit":"","speechkit_generate_audio":"","speechkit_project_id":"","speechkit_podcast_id":"","speechkit_hash":"","speechkit_error_message":"","speechkit_disabled":"","speechkit_access_key":"","speechkit_error":"","speechkit_info":"","speechkit_response":"","speechkit_retries":"","_speechkit_link":"","_speechkit_text":""},"categories":[51],"tags":[9370,355,6385,403,44,46,178,5609,289,359,759,91,290,9371,9372,361,240],"jetpack_featured_media_url":"","_links":{"self":[{"href":"https:\/\/pinews.com.br\/index.php\/wp-json\/wp\/v2\/posts\/28207"}],"collection":[{"href":"https:\/\/pinews.com.br\/index.php\/wp-json\/wp\/v2\/posts"}],"about":[{"href":"https:\/\/pinews.com.br\/index.php\/wp-json\/wp\/v2\/types\/post"}],"author":[{"embeddable":true,"href":"https:\/\/pinews.com.br\/index.php\/wp-json\/wp\/v2\/users\/1"}],"replies":[{"embeddable":true,"href":"https:\/\/pinews.com.br\/index.php\/wp-json\/wp\/v2\/comments?post=28207"}],"version-history":[{"count":0,"href":"https:\/\/pinews.com.br\/index.php\/wp-json\/wp\/v2\/posts\/28207\/revisions"}],"wp:featuredmedia":[{"embeddable":true,"href":"https:\/\/pinews.com.br\/index.php\/wp-json\/"}],"wp:attachment":[{"href":"https:\/\/pinews.com.br\/index.php\/wp-json\/wp\/v2\/media?parent=28207"}],"wp:term":[{"taxonomy":"category","embeddable":true,"href":"https:\/\/pinews.com.br\/index.php\/wp-json\/wp\/v2\/categories?post=28207"},{"taxonomy":"post_tag","embeddable":true,"href":"https:\/\/pinews.com.br\/index.php\/wp-json\/wp\/v2\/tags?post=28207"}],"curies":[{"name":"wp","href":"https:\/\/api.w.org\/{rel}","templated":true}]}}