{"id":28303,"date":"2021-11-06T10:21:58","date_gmt":"2021-11-06T13:21:58","guid":{"rendered":"https:\/\/pinews.com.br\/?p=28303"},"modified":"2021-11-06T10:21:58","modified_gmt":"2021-11-06T13:21:58","slug":"piloto-do-aviao-que-morreu-na-tragedia-com-marilia-mendonca-e-piauiense","status":"publish","type":"post","link":"https:\/\/pinews.com.br\/index.php\/2021\/11\/06\/piloto-do-aviao-que-morreu-na-tragedia-com-marilia-mendonca-e-piauiense\/","title":{"rendered":"Piloto do avi\u00e3o que morreu na trag\u00e9dia com Mar\u00edlia Mendon\u00e7a \u00e9 piauiense"},"content":{"rendered":"\n<p>O piauiense Geraldo Martins de Medeiros J\u00fanior, 56 anos, piloto do avi\u00e3o que transportava a cantora Mar\u00edlia Mendon\u00e7a \u00e9 uma das v\u00edtimas da trag\u00e9dia a\u00e9rea que matou cinco pessoas na tarde desta sexta-feira (5). Ele \u00e9 piauiense, natural de Floriano.<\/p>\n\n\n\n<p>O portal Cidadeverde.com conversou com um primo do piloto e confirmou que ele \u00e9 piauiense e mora em Bras\u00edlia.<\/p>\n\n\n\n<p>Bastante abalado, ele disse que daria informa\u00e7\u00e3o depois. Um irm\u00e3o do piloto estaria em deslocamento para acompanhar a transfer\u00eancia de Geraldo J\u00fanior para Bras\u00edlia.&nbsp;<\/p>\n\n\n\n<p>A cantora Mar\u00edlia Mendon\u00e7a e mais quatro pessoas morreram na queda de um avi\u00e3o bimotor perto de uma cachoeira na serra da cidade de Piedade de Caratinga, no interior de Minas Gerais.<\/p>\n\n\n\n<p>O avi\u00e3o que levava a cantora estava regular e \u00e9 considerado um dos mais confi\u00e1veis e seguros da avia\u00e7\u00e3o. Com a queda, morreram a cantora, seu produtor Henrique Ribeiro, seu tio e assessor Abicieli Silveira Dias Filho, al\u00e9m do piloto e copiloto do avi\u00e3o.<\/p>\n\n\n\n<p>A aeronave tinha como destino Caratinga (MG), onde ela teria show na noite desta sexta.<\/p>\n\n\n\n<p>O avi\u00e3o, um bimotor King Air da Beech Aircraft, fabricado em 1984, decolou de Goi\u00e2nia e caiu em uma cachoeira a 2 km da pista onde faria o pouso, segundo informou a Pol\u00edcia Militar mineira.<\/p>\n\n\n\n<p>A Ag\u00eancia Nacional de Avia\u00e7\u00e3o Civil (ANAC) afirmou que o avi\u00e3o tinha permiss\u00e3o para efetuar t\u00e1xi a\u00e9reo.<\/p>\n\n\n\n<p><strong>Fonte: Flash Yala Sena\/ Cidade Verde<\/strong><\/p>\n","protected":false},"excerpt":{"rendered":"<p>O piauiense Geraldo Martins de Medeiros J\u00fanior, 56 anos, piloto do avi\u00e3o que transportava a cantora Mar\u00edlia Mendon\u00e7a \u00e9 uma das v\u00edtimas da trag\u00e9dia a\u00e9rea que matou cinco pessoas na tarde desta sexta-feira (5). Ele \u00e9 piauiense, natural de Floriano. O portal Cidadeverde.com conversou com um primo do piloto e confirmou que ele \u00e9 piauiense [&hellip;]<\/p>\n","protected":false},"author":1,"featured_media":28305,"comment_status":"open","ping_status":"open","sticky":false,"template":"","format":"standard","meta":{"beyondwords_generate_audio":"","beyondwords_project_id":"","beyondwords_podcast_id":"","beyondwords_hash":"","beyondwords_error_message":"","beyondwords_disabled":"","publish_post_to_speechkit":"","speechkit_generate_audio":"","speechkit_project_id":"","speechkit_podcast_id":"","speechkit_hash":"","speechkit_error_message":"","speechkit_disabled":"","speechkit_access_key":"","speechkit_error":"","speechkit_info":"","speechkit_response":"","speechkit_retries":"","_speechkit_link":"","_speechkit_text":""},"categories":[134],"tags":[7254,72,8212,8213,552,91,511,6676,453],"jetpack_featured_media_url":"","_links":{"self":[{"href":"https:\/\/pinews.com.br\/index.php\/wp-json\/wp\/v2\/posts\/28303"}],"collection":[{"href":"https:\/\/pinews.com.br\/index.php\/wp-json\/wp\/v2\/posts"}],"about":[{"href":"https:\/\/pinews.com.br\/index.php\/wp-json\/wp\/v2\/types\/post"}],"author":[{"embeddable":true,"href":"https:\/\/pinews.com.br\/index.php\/wp-json\/wp\/v2\/users\/1"}],"replies":[{"embeddable":true,"href":"https:\/\/pinews.com.br\/index.php\/wp-json\/wp\/v2\/comments?post=28303"}],"version-history":[{"count":0,"href":"https:\/\/pinews.com.br\/index.php\/wp-json\/wp\/v2\/posts\/28303\/revisions"}],"wp:featuredmedia":[{"embeddable":true,"href":"https:\/\/pinews.com.br\/index.php\/wp-json\/"}],"wp:attachment":[{"href":"https:\/\/pinews.com.br\/index.php\/wp-json\/wp\/v2\/media?parent=28303"}],"wp:term":[{"taxonomy":"category","embeddable":true,"href":"https:\/\/pinews.com.br\/index.php\/wp-json\/wp\/v2\/categories?post=28303"},{"taxonomy":"post_tag","embeddable":true,"href":"https:\/\/pinews.com.br\/index.php\/wp-json\/wp\/v2\/tags?post=28303"}],"curies":[{"name":"wp","href":"https:\/\/api.w.org\/{rel}","templated":true}]}}