{"id":28320,"date":"2021-11-06T19:48:27","date_gmt":"2021-11-06T22:48:27","guid":{"rendered":"https:\/\/pinews.com.br\/?p=28320"},"modified":"2021-11-06T19:48:27","modified_gmt":"2021-11-06T22:48:27","slug":"fabrica-de-motos-pretende-se-instalar-no-piaui-investir-r-60-mi-e-gerar-200-empregos","status":"publish","type":"post","link":"https:\/\/pinews.com.br\/index.php\/2021\/11\/06\/fabrica-de-motos-pretende-se-instalar-no-piaui-investir-r-60-mi-e-gerar-200-empregos\/","title":{"rendered":"F\u00e1brica de motos pretende se instalar no Piau\u00ed, investir R$ 60 mi e gerar 200 empregos"},"content":{"rendered":"\n<p>O governador Wellington Dias selou nesta sexta-feira (5), um entendimento para instala\u00e7\u00e3o de uma f\u00e1brica de motos el\u00e9tricas no Piau\u00ed. A empresa cearense Wex pretende se instalar na Zona de Processamento de Exporta\u00e7\u00f5es (ZPE), no litoral piauiense e produzir ve\u00edculos para o mercado interno e externo. O plano prev\u00ea investimentos de aproximadamente R$ 60 milh\u00f5es, com gera\u00e7\u00e3o de 200 empregos diretos e 1000 indiretos.<\/p>\n\n\n\n<p>\u201cEstamos, pelo Estado, trabalhando as condi\u00e7\u00f5es de apoio para que dentro da nossa Zona de Processamento e Exporta\u00e7\u00e3o, a produ\u00e7\u00e3o voltada para o mercado interno, mas tamb\u00e9m numa perspectiva, como \u00e9 pr\u00f3prio da ZPE, de abrirmos caminho para o mercado externo\u201d, pontuou Dias.<\/p>\n\n\n\n<p>De acordo com o cronograma, a constru\u00e7\u00e3o da f\u00e1brica deve ocorrer dentro de 14 meses. Antes, as motos el\u00e9tricas passar\u00e3o por um per\u00edodo de testes.<\/p>\n\n\n\n<p>\u201cParna\u00edba come\u00e7a a despontar na ZPE do munic\u00edpio como polo de eletromobilidade. J\u00e1 temos outro memorando assinado para barcos el\u00e9tricos e agora temos um protocolo assinado por uma empresa que busca se instalar no Piau\u00ed para abastecer todo o mercado do nordeste\u201d, ressaltou Victor Hugo Saraiva, presidente da Investe Piau\u00ed.<\/p>\n\n\n\n<p>A assinatura do memorando de entendimento com a Wex contou com a participa\u00e7\u00e3o do Secret\u00e1rio de Fazenda e Coordenador do Pro Piau\u00ed, Rafael Fonteles.<\/p>\n\n\n\n<p>\u201cDentro da infraestrutura que foi criada no munic\u00edpio de Parna\u00edba, ter um Parque Empresarial associado \u00e0 ZPE que est\u00e1 pr\u00f3xima de ser inaugurada para exatamente atrair e dar melhores condi\u00e7\u00f5es para que estes empreendedores ousados possam aportar aqui no Piau\u00ed fazendo investimentos, gerando emprego, renda e sustentabilidade ambiental\u201d, avaliou Fonteles.<\/p>\n\n\n\n<p>\u201cNesta alta da gasolina todo mundo est\u00e1 buscando uma alternativa el\u00e9trica. Queremos trazer esta alternativa para a popula\u00e7\u00e3o com pre\u00e7o acess\u00edvel, atrav\u00e9s de financiamento pr\u00f3prio, trazendo tamb\u00e9m a solu\u00e7\u00e3o de aluguel dos ve\u00edculos el\u00e9tricos pra quem n\u00e3o tem condi\u00e7\u00e3o de comprar\u201d, disse Vicente Neto, s\u00f3cio da Wex.<\/p>\n\n\n\n<p><strong>Fonte: Cidade Verde<\/strong><\/p>\n","protected":false},"excerpt":{"rendered":"<p>O governador Wellington Dias selou nesta sexta-feira (5), um entendimento para instala\u00e7\u00e3o de uma f\u00e1brica de motos el\u00e9tricas no Piau\u00ed. A empresa cearense Wex pretende se instalar na Zona de Processamento de Exporta\u00e7\u00f5es (ZPE), no litoral piauiense e produzir ve\u00edculos para o mercado interno e externo. O plano prev\u00ea investimentos de aproximadamente R$ 60 milh\u00f5es, [&hellip;]<\/p>\n","protected":false},"author":1,"featured_media":28321,"comment_status":"open","ping_status":"open","sticky":false,"template":"","format":"standard","meta":{"beyondwords_generate_audio":"","beyondwords_project_id":"","beyondwords_podcast_id":"","beyondwords_hash":"","beyondwords_error_message":"","beyondwords_disabled":"","publish_post_to_speechkit":"","speechkit_generate_audio":"","speechkit_project_id":"","speechkit_podcast_id":"","speechkit_hash":"","speechkit_error_message":"","speechkit_disabled":"","speechkit_access_key":"","speechkit_error":"","speechkit_info":"","speechkit_response":"","speechkit_retries":"","_speechkit_link":"","_speechkit_text":""},"categories":[51],"tags":[370,409,44,1470,1990,6209,9396,5482,645,258,52,9397,129],"jetpack_featured_media_url":"","_links":{"self":[{"href":"https:\/\/pinews.com.br\/index.php\/wp-json\/wp\/v2\/posts\/28320"}],"collection":[{"href":"https:\/\/pinews.com.br\/index.php\/wp-json\/wp\/v2\/posts"}],"about":[{"href":"https:\/\/pinews.com.br\/index.php\/wp-json\/wp\/v2\/types\/post"}],"author":[{"embeddable":true,"href":"https:\/\/pinews.com.br\/index.php\/wp-json\/wp\/v2\/users\/1"}],"replies":[{"embeddable":true,"href":"https:\/\/pinews.com.br\/index.php\/wp-json\/wp\/v2\/comments?post=28320"}],"version-history":[{"count":0,"href":"https:\/\/pinews.com.br\/index.php\/wp-json\/wp\/v2\/posts\/28320\/revisions"}],"wp:featuredmedia":[{"embeddable":true,"href":"https:\/\/pinews.com.br\/index.php\/wp-json\/"}],"wp:attachment":[{"href":"https:\/\/pinews.com.br\/index.php\/wp-json\/wp\/v2\/media?parent=28320"}],"wp:term":[{"taxonomy":"category","embeddable":true,"href":"https:\/\/pinews.com.br\/index.php\/wp-json\/wp\/v2\/categories?post=28320"},{"taxonomy":"post_tag","embeddable":true,"href":"https:\/\/pinews.com.br\/index.php\/wp-json\/wp\/v2\/tags?post=28320"}],"curies":[{"name":"wp","href":"https:\/\/api.w.org\/{rel}","templated":true}]}}