{"id":28364,"date":"2021-11-08T11:05:03","date_gmt":"2021-11-08T14:05:03","guid":{"rendered":"https:\/\/pinews.com.br\/?p=28364"},"modified":"2021-11-08T11:05:03","modified_gmt":"2021-11-08T14:05:03","slug":"padre-e-encontrado-morto-na-casa-onde-morava-no-sul-do-piaui","status":"publish","type":"post","link":"https:\/\/pinews.com.br\/index.php\/2021\/11\/08\/padre-e-encontrado-morto-na-casa-onde-morava-no-sul-do-piaui\/","title":{"rendered":"Padre \u00e9 encontrado morto na Casa onde morava no Sul do Piau\u00ed"},"content":{"rendered":"\n<p>O padre Jos\u00e9 Alves de Carvalho, 43 anos, foi encontrado morto na noite deste domingo, 07 de novembro,&nbsp; na Casa Paroquial, onde morava.<\/p>\n\n\n\n<p>A Pol\u00edcia Militar (PM) foi acionada por outros padres do local. Quando a equipe chegou ao local, Jos\u00e9 Alves j\u00e1 estava sem os sinais vitais.<\/p>\n\n\n\n<p>Pe. Jos\u00e9 Alves nasceu no dia, 03 de Mar\u00e7o de 1978, em Monte Alegre Sul do Piau\u00ed, era p\u00e1roco na Igreja S\u00e3o Pedro ap\u00f3stolo do bairro S\u00e3o Pedro em Bom Jesus, estava na ordena\u00e7\u00e3o diaconal h\u00e1 9 anos.<\/p>\n\n\n\n<p><strong>Em nota, a Diocese de Bom Jesus lamentou o ocorrido:<\/strong><\/p>\n\n\n\n<p>\u201cA comunidade S\u00e3o Pedro Ap\u00f3stolo, com pesar comunica o falecimento do Pe. JOS\u00c9 ALVES e consternados com o momento de dor mas por reconhecer todo o zelo, amor e amizade ao tempo que esteve a frente da par\u00f3quia S\u00e3o Pedro, realizaremos nossas \u00faltimas homenagens.<\/p>\n\n\n\n<p>Velaremos por um momento das 08h:30min as 09h:30min da manh\u00e3, desse dia 8 (segunda-feira) na Matriz S\u00e3o Pedro Ap\u00f3stolo. Depois seguir\u00e1 para o encontro com a fam\u00edlia.<\/p>\n\n\n\n<p>Convidamos a todos os irm\u00e3os e amigos para estarem junto conosco nesse hor\u00e1rio.<\/p>\n\n\n\n<p>\u201cEu sou o caminho, a verdade e a vida. Ningu\u00e9m vem ao Pai, a n\u00e3o ser por mim. (Jo\u00e3o 14, 6)<\/p>\n\n\n\n<p>Att,<\/p>\n\n\n\n<p>Lideran\u00e7as da Comunidade S\u00e3o Pedro Ap\u00f3stolo<\/p>\n\n\n\n<p>O CVV (Centro de Valoriza\u00e7\u00e3o da Vida) realiza apoio emocional, atendendo volunt\u00e1ria e gratuitamente todas as pessoas que querem e precisam conversar, sob total sigilo por telefone, e-mail e <strong><a rel=\"noreferrer noopener\" href=\"http:\/\/cvvweb.mysuite1.com.br\/empresas\/cvw\/verifica.php\" target=\"_blank\">chat 24 horas<\/a><\/strong> todos os dias: Disque 188. <a rel=\"noreferrer noopener\" href=\"https:\/\/www.cvv.org.br\/quero-conversar\/\" target=\"_blank\"><strong>Clique aqui e saiba mais!<\/strong><\/a><\/p>\n\n\n\n<p><strong>Fonte: Portal Bom Jesus News<\/strong><\/p>\n","protected":false},"excerpt":{"rendered":"<p>O padre Jos\u00e9 Alves de Carvalho, 43 anos, foi encontrado morto na noite deste domingo, 07 de novembro,&nbsp; na Casa Paroquial, onde morava. A Pol\u00edcia Militar (PM) foi acionada por outros padres do local. Quando a equipe chegou ao local, Jos\u00e9 Alves j\u00e1 estava sem os sinais vitais. Pe. Jos\u00e9 Alves nasceu no dia, 03 [&hellip;]<\/p>\n","protected":false},"author":1,"featured_media":28365,"comment_status":"open","ping_status":"open","sticky":false,"template":"","format":"standard","meta":{"beyondwords_generate_audio":"","beyondwords_project_id":"","beyondwords_podcast_id":"","beyondwords_hash":"","beyondwords_error_message":"","beyondwords_disabled":"","publish_post_to_speechkit":"","speechkit_generate_audio":"","speechkit_project_id":"","speechkit_podcast_id":"","speechkit_hash":"","speechkit_error_message":"","speechkit_disabled":"","speechkit_access_key":"","speechkit_error":"","speechkit_info":"","speechkit_response":"","speechkit_retries":"","_speechkit_link":"","_speechkit_text":""},"categories":[51],"tags":[149,72,200,902,197,91,903,5778,52,120],"jetpack_featured_media_url":"","_links":{"self":[{"href":"https:\/\/pinews.com.br\/index.php\/wp-json\/wp\/v2\/posts\/28364"}],"collection":[{"href":"https:\/\/pinews.com.br\/index.php\/wp-json\/wp\/v2\/posts"}],"about":[{"href":"https:\/\/pinews.com.br\/index.php\/wp-json\/wp\/v2\/types\/post"}],"author":[{"embeddable":true,"href":"https:\/\/pinews.com.br\/index.php\/wp-json\/wp\/v2\/users\/1"}],"replies":[{"embeddable":true,"href":"https:\/\/pinews.com.br\/index.php\/wp-json\/wp\/v2\/comments?post=28364"}],"version-history":[{"count":0,"href":"https:\/\/pinews.com.br\/index.php\/wp-json\/wp\/v2\/posts\/28364\/revisions"}],"wp:featuredmedia":[{"embeddable":true,"href":"https:\/\/pinews.com.br\/index.php\/wp-json\/"}],"wp:attachment":[{"href":"https:\/\/pinews.com.br\/index.php\/wp-json\/wp\/v2\/media?parent=28364"}],"wp:term":[{"taxonomy":"category","embeddable":true,"href":"https:\/\/pinews.com.br\/index.php\/wp-json\/wp\/v2\/categories?post=28364"},{"taxonomy":"post_tag","embeddable":true,"href":"https:\/\/pinews.com.br\/index.php\/wp-json\/wp\/v2\/tags?post=28364"}],"curies":[{"name":"wp","href":"https:\/\/api.w.org\/{rel}","templated":true}]}}