{"id":28398,"date":"2021-11-09T11:04:19","date_gmt":"2021-11-09T14:04:19","guid":{"rendered":"https:\/\/pinews.com.br\/?p=28398"},"modified":"2021-11-09T11:04:19","modified_gmt":"2021-11-09T14:04:19","slug":"homem-acusado-de-estuprar-a-propria-filha-e-solto-e-familia-foge-de-casa-no-piaui","status":"publish","type":"post","link":"https:\/\/pinews.com.br\/index.php\/2021\/11\/09\/homem-acusado-de-estuprar-a-propria-filha-e-solto-e-familia-foge-de-casa-no-piaui\/","title":{"rendered":"Homem acusado de estuprar a pr\u00f3pria filha \u00e9 solto e fam\u00edlia foge de casa no Piau\u00ed"},"content":{"rendered":"\n<p>A fam\u00edlia da adolescente de 13 ano que foi estuprada pelo pr\u00f3prio pai, no bairro Itapeu, na zona Norte de Teresina, vive momentos de terror depois que o acusado foi solto durante uma audi\u00eancia de cust\u00f3dia na Central de Flagrantes.<\/p>\n\n\n\n<p>De acordo com informa\u00e7\u00f5es da ex-companheira do suspeito, ap\u00f3s ser liberado, o acusado voltou at\u00e9 a resid\u00eancia da fam\u00edlia. Temendo o pior, todos sa\u00edram de casa.<\/p>\n\n\n\n<p>\u201cEu n\u00e3o esperava que ele fosse ser solto e que viesse direto para a minha casa. Agora eu tive que sair da minha casa, deixei tudo para tr\u00e1s com medo, ele destruiu minha fam\u00edlia, me destruiu. Tive que sair porque em um momento desse a gente s\u00f3 espera o pior. Minha filha j\u00e1 tinha sa\u00eddo, estava segura, eu fiquei em casa com meu filho de 14 anos e ele apareceu. Ele estava falando para o meu sobrinho que queria as roupas dele, os documentos, mas isso s\u00f3 era desculpa, ele queria me fazer o mal, muitas vezes ele me amea\u00e7ou\u201d, disse a ex do acusado.<\/p>\n\n\n\n<figure class=\"wp-block-image\"><img decoding=\"async\" src=\"https:\/\/i0.wp.com\/www.portalenoticias.com.br\/wp-content\/uploads\/2021\/11\/homempostro.jpg?fit=600%2C571&amp;ssl=1\" alt=\"\" class=\"wp-image-100006\"\/><figcaption>Acusado de estupro e agress\u00e3o foi solto e retornou at\u00e9 a resid\u00eancia da ex \u2013 Foto: Reprodu\u00e7\u00e3o<\/figcaption><\/figure>\n\n\n\n<p><strong>A fam\u00edlia agora espera justi\u00e7a.&nbsp;<\/strong>\u201cEu quero justi\u00e7a, quero que ele seja preso, quero que ele pague. Quero viver em paz com minha fam\u00edlia, ele destruiu meu lar. Ando hoje com a medida protetiva, n\u00e3o quero ser v\u00edtima, n\u00e3o quero morrer nas m\u00e3os dele\u201d, completou.<\/p>\n\n\n\n<p>O filho mais velho da mulher e irm\u00e3o da adolescente que foi abusada afirmou que teme pela vida da fam\u00edlia. \u201cFiquei sabendo atrav\u00e9s do meu primo que havia ligado para mim e dito que ela tinha pedido socorro para ele, e perguntou o que deveria fazer, de imediato eu recorri a Pol\u00edcia Militar. Chegando l\u00e1 o fato foi que a minha irm\u00e3 de 13 anos confessou que j\u00e1 tinha sido abusada por ele e veio todo esse alvoro\u00e7o. Desde ent\u00e3o a gente est\u00e1 correndo para buscar justi\u00e7a pelo que ele fez, tirei ela de casa, trouxe para uma outra casa. Eu n\u00e3o temo pela minha vida, eu temo pela vida da minha fam\u00edlia. N\u00f3s fomos at\u00e9 a Central de Flagrantes buscar informa\u00e7\u00f5es em rela\u00e7\u00e3o ao motivo dele ter sido solto, a gente n\u00e3o obteve sucesso em falar com o delegado, estamos perdidos. A gente fica preocupado pelo fato dele vir atr\u00e1s, mesmo n\u00e3o sabendo onde a gente est\u00e1 morando, mas a gente tem medo dele ir no col\u00e9gio, as crian\u00e7as n\u00e3o est\u00e3o indo para a escola porque ningu\u00e9m sabe o que ele pode fazer\u201d, finalizou.<\/p>\n\n\n\n<p><strong>Fonte: Meio Norte<\/strong><\/p>\n","protected":false},"excerpt":{"rendered":"<p>A fam\u00edlia da adolescente de 13 ano que foi estuprada pelo pr\u00f3prio pai, no bairro Itapeu, na zona Norte de Teresina, vive momentos de terror depois que o acusado foi solto durante uma audi\u00eancia de cust\u00f3dia na Central de Flagrantes. De acordo com informa\u00e7\u00f5es da ex-companheira do suspeito, ap\u00f3s ser liberado, o acusado voltou at\u00e9 [&hellip;]<\/p>\n","protected":false},"author":1,"featured_media":28399,"comment_status":"open","ping_status":"open","sticky":false,"template":"","format":"standard","meta":{"beyondwords_generate_audio":"","beyondwords_project_id":"","beyondwords_podcast_id":"","beyondwords_hash":"","beyondwords_error_message":"","beyondwords_disabled":"","publish_post_to_speechkit":"","speechkit_generate_audio":"","speechkit_project_id":"","speechkit_podcast_id":"","speechkit_hash":"","speechkit_error_message":"","speechkit_disabled":"","speechkit_access_key":"","speechkit_error":"","speechkit_info":"","speechkit_response":"","speechkit_retries":"","_speechkit_link":"","_speechkit_text":""},"categories":[51],"tags":[1273,149,44,72,348,244,358,1925,84,52,92,5647],"jetpack_featured_media_url":"","_links":{"self":[{"href":"https:\/\/pinews.com.br\/index.php\/wp-json\/wp\/v2\/posts\/28398"}],"collection":[{"href":"https:\/\/pinews.com.br\/index.php\/wp-json\/wp\/v2\/posts"}],"about":[{"href":"https:\/\/pinews.com.br\/index.php\/wp-json\/wp\/v2\/types\/post"}],"author":[{"embeddable":true,"href":"https:\/\/pinews.com.br\/index.php\/wp-json\/wp\/v2\/users\/1"}],"replies":[{"embeddable":true,"href":"https:\/\/pinews.com.br\/index.php\/wp-json\/wp\/v2\/comments?post=28398"}],"version-history":[{"count":0,"href":"https:\/\/pinews.com.br\/index.php\/wp-json\/wp\/v2\/posts\/28398\/revisions"}],"wp:featuredmedia":[{"embeddable":true,"href":"https:\/\/pinews.com.br\/index.php\/wp-json\/"}],"wp:attachment":[{"href":"https:\/\/pinews.com.br\/index.php\/wp-json\/wp\/v2\/media?parent=28398"}],"wp:term":[{"taxonomy":"category","embeddable":true,"href":"https:\/\/pinews.com.br\/index.php\/wp-json\/wp\/v2\/categories?post=28398"},{"taxonomy":"post_tag","embeddable":true,"href":"https:\/\/pinews.com.br\/index.php\/wp-json\/wp\/v2\/tags?post=28398"}],"curies":[{"name":"wp","href":"https:\/\/api.w.org\/{rel}","templated":true}]}}