{"id":28406,"date":"2021-11-09T11:25:24","date_gmt":"2021-11-09T14:25:24","guid":{"rendered":"https:\/\/pinews.com.br\/?p=28406"},"modified":"2021-11-09T11:25:24","modified_gmt":"2021-11-09T14:25:24","slug":"municipios-piauienses-recebem-alerta-para-chuvas-e-ventos-fortes","status":"publish","type":"post","link":"https:\/\/pinews.com.br\/index.php\/2021\/11\/09\/municipios-piauienses-recebem-alerta-para-chuvas-e-ventos-fortes\/","title":{"rendered":"Munic\u00edpios piauienses recebem alerta para chuvas e ventos fortes"},"content":{"rendered":"\n<p>O Instituto Nacional de Metereologia (Inmet) emitiu alertas de chuvas intensas e ventania para munic\u00edpios piauienses. As regi\u00f5es norte e centro-norte do Estado receberam o alerta amarelo, que destaca possibilidade de chuvas de at\u00e9 50 mil\u00edmetros\/ dia, com eventos intensos de at\u00e9 60 km\/h.&nbsp;<\/p>\n\n\n\n<p>J\u00e1 a regi\u00e3o sul do Piau\u00ed recebeu o alerta laranja, com possibilidade de chuvas de at\u00e9 100 mil\u00edmetros\/ dia e ventos de at\u00e9 100 Km\/h.&nbsp;<\/p>\n\n\n\n<p>Segundo o climatologista Werton Costa, as regi\u00f5es que devem ser mais atingidas est\u00e3o localizadas nos limites do Piau\u00ed com os estados do Maranh\u00e3o, Cear\u00e1 e Bahia, no sul do Estado.<\/p>\n\n\n\n<p>\u201cEsses alertas surgem sempre que n\u00f3s temos uma condi\u00e7\u00e3o favor\u00e1vel para temporais. N\u00f3s temos uma condi\u00e7\u00e3o adversa principalmente para os munic\u00edpios lim\u00edtrofes com o estado do Maranh\u00e3o, lim\u00edtrofes com a Bahia e o sul do Cear\u00e1, que abrange a faixa sul que est\u00e1 na \u00e1rea de circula\u00e7\u00e3o de um importante sistema atmosf\u00e9rico que deve trazer grande quantidade de umidade e pode gerar temporais localizados\u201d, explica o climatologista.<\/p>\n\n\n\n<figure class=\"wp-block-image\"><img decoding=\"async\" src=\"https:\/\/cidadeverde.com\/assets\/uploads\/noticias\/d13150635229018de3a17531c063cfa2.jpg\" alt=\"\"\/><figcaption><em>Sul do Piau\u00ed recebeu alerta laranja<\/em><\/figcaption><\/figure>\n\n\n\n<p>Werton Costa explica ainda que a presen\u00e7a da chuva nesse per\u00edodo \u00e9 um fen\u00f4meno previsto pela meteorologia, por\u00e9m os temporais que o Piau\u00ed vem registrando nos \u00faltimos meses, s\u00e3o decorrentes do aumento da quantidade de calor durante os meses do B-R-O-Br\u00f3.<\/p>\n\n\n\n<p>Werton Costa explica ainda que a presen\u00e7a da chuva nesse per\u00edodo \u00e9 um fen\u00f4meno previsto pela meteorologia, por\u00e9m os temporais que o Piau\u00ed vem registrando nos \u00faltimos meses, s\u00e3o decorrentes do aumento da quantidade de calor durante os meses do B-R-O-Br\u00f3.<\/p>\n\n\n\n<p>\u201c\u00c9 um fen\u00f4meno sazonal, na verdade esse fen\u00f4meno \u00e9 previsto, ele \u00e9 climatol\u00f3gico, todo ano acontece, s\u00f3 que esse ano nos temos um diferencial. O piauiense j\u00e1 pode perceber que o B-R-O-Br\u00f3 est\u00e1 sendo diferente, n\u00f3s tivemos uma quantidade maior de calor, estamos geralmente a 1<sup>o<\/sup>C, 1,5<sup>&nbsp;o<\/sup>C a cima da m\u00e9dia climatol\u00f3gica e essa condi\u00e7\u00e3o de calor a mais que proporcionou essa entrada de umidade. Ent\u00e3o n\u00f3s tivemos chuva setembro, chuva outubro sempre acima da m\u00e9dia, provavelmente vamos fechar novembro acima da m\u00e9dia\u201d, acrescenta Werton Costa.<\/p>\n\n\n\n<p>O climatologista ressalta ainda que apesar desse volume de chuva, o Piau\u00ed ainda n\u00e3o est\u00e1 no per\u00edodo chuvoso que tem&nbsp;in\u00edcio&nbsp;no m\u00eas de dezembro.&nbsp;<\/p>\n\n\n\n<p>\u201cO que n\u00f3s temos \u00e9 a chama pr\u00e9-esta\u00e7\u00e3o, esse per\u00edodo que vai de setembro at\u00e9 a primeira quinzena de dezembro \u00e9 caracterizado como preparo do per\u00edodo chuvoso porque n\u00f3s n\u00e3o temos uma carateriza\u00e7\u00e3o clara de onde vem a chuva, ou a gente recebe chuva da Amaz\u00f4nia ou a gente recebe chuva do Atl\u00e2ntico Sul. Somente a partir da segunda quinzena de dezembro, \u00e9 que toda a chuva vem do Atl\u00e2ntico Norte e caracteriza nossa esta\u00e7\u00e3o chuvosa t\u00edpica\u201d, complementa.<\/p>\n\n\n\n<p><br><strong>Fonte: Rebeca Lima\/ Cidade Verde<\/strong><\/p>\n","protected":false},"excerpt":{"rendered":"<p>O Instituto Nacional de Metereologia (Inmet) emitiu alertas de chuvas intensas e ventania para munic\u00edpios piauienses. As regi\u00f5es norte e centro-norte do Estado receberam o alerta amarelo, que destaca possibilidade de chuvas de at\u00e9 50 mil\u00edmetros\/ dia, com eventos intensos de at\u00e9 60 km\/h.&nbsp; J\u00e1 a regi\u00e3o sul do Piau\u00ed recebeu o alerta laranja, com [&hellip;]<\/p>\n","protected":false},"author":1,"featured_media":28407,"comment_status":"open","ping_status":"open","sticky":false,"template":"","format":"standard","meta":{"beyondwords_generate_audio":"","beyondwords_project_id":"","beyondwords_podcast_id":"","beyondwords_hash":"","beyondwords_error_message":"","beyondwords_disabled":"","publish_post_to_speechkit":"","speechkit_generate_audio":"","speechkit_project_id":"","speechkit_podcast_id":"","speechkit_hash":"","speechkit_error_message":"","speechkit_disabled":"","speechkit_access_key":"","speechkit_error":"","speechkit_info":"","speechkit_response":"","speechkit_retries":"","_speechkit_link":"","_speechkit_text":""},"categories":[51],"tags":[1403,2045,6416,459,350,743,6544,1406],"jetpack_featured_media_url":"","_links":{"self":[{"href":"https:\/\/pinews.com.br\/index.php\/wp-json\/wp\/v2\/posts\/28406"}],"collection":[{"href":"https:\/\/pinews.com.br\/index.php\/wp-json\/wp\/v2\/posts"}],"about":[{"href":"https:\/\/pinews.com.br\/index.php\/wp-json\/wp\/v2\/types\/post"}],"author":[{"embeddable":true,"href":"https:\/\/pinews.com.br\/index.php\/wp-json\/wp\/v2\/users\/1"}],"replies":[{"embeddable":true,"href":"https:\/\/pinews.com.br\/index.php\/wp-json\/wp\/v2\/comments?post=28406"}],"version-history":[{"count":0,"href":"https:\/\/pinews.com.br\/index.php\/wp-json\/wp\/v2\/posts\/28406\/revisions"}],"wp:featuredmedia":[{"embeddable":true,"href":"https:\/\/pinews.com.br\/index.php\/wp-json\/"}],"wp:attachment":[{"href":"https:\/\/pinews.com.br\/index.php\/wp-json\/wp\/v2\/media?parent=28406"}],"wp:term":[{"taxonomy":"category","embeddable":true,"href":"https:\/\/pinews.com.br\/index.php\/wp-json\/wp\/v2\/categories?post=28406"},{"taxonomy":"post_tag","embeddable":true,"href":"https:\/\/pinews.com.br\/index.php\/wp-json\/wp\/v2\/tags?post=28406"}],"curies":[{"name":"wp","href":"https:\/\/api.w.org\/{rel}","templated":true}]}}