{"id":28430,"date":"2021-11-09T19:51:08","date_gmt":"2021-11-09T22:51:08","guid":{"rendered":"https:\/\/pinews.com.br\/?p=28430"},"modified":"2021-11-09T19:51:08","modified_gmt":"2021-11-09T22:51:08","slug":"caminhoneiro-fica-mais-de-12-horas-preso-as-ferragens-apos-acidente-em-cidade-sem-bombeiros-no-piaui","status":"publish","type":"post","link":"https:\/\/pinews.com.br\/index.php\/2021\/11\/09\/caminhoneiro-fica-mais-de-12-horas-preso-as-ferragens-apos-acidente-em-cidade-sem-bombeiros-no-piaui\/","title":{"rendered":"Caminhoneiro fica mais de 12 horas preso \u00e0s ferragens ap\u00f3s acidente em cidade sem bombeiros no Piau\u00ed"},"content":{"rendered":"\n<p>Um motorista esperou mais de 12 horas por resgate ap\u00f3s o caminh\u00e3o que conduzia tombar, na tarde do \u00faltimo domingo (7), na localidade Barra da Volta, em Uru\u00e7u\u00ed, a 307 km de Teresina. A cidade n\u00e3o possui batalh\u00e3o do Corpo de Bombeiros e o resgate foi feito por policiais e moradores da regi\u00e3o.<\/p>\n\n\n\n<p>O g1 procurou o Corpo de Bombeiros do estado, para saber detalhes sobre os novos postos que devem ser criados no estado, mas ainda n\u00e3o obteve resposta.<\/p>\n\n\n\n<p>Segundo a Pol\u00edcia Militar, o condutor perdeu o controle do caminh\u00e3o, que estava carregado de botij\u00f5es de g\u00e1s, e tombou por volta das 17h20. O homem, identificado como Waldecyo da Rocha Santos, de 31 anos, ficou preso nas ferragens.<\/p>\n\n\n\n<blockquote class=\"wp-block-quote\"><p>\u201cO caminh\u00e3o derrapou na beira do asfalto e tombou. O resgate foi demorado, teve que ser feito pela PM, com apoio da Pol\u00edcia Civil, do Servi\u00e7o de Atendimento M\u00f3vel de Urg\u00eancia (Samu) e de moradores, j\u00e1 que n\u00e3o havia bombeiros dispon\u00edveis na localidade\u201d, informou o tenente Valdeildo, do 10\u00b0 Batalh\u00e3o da PM de Uru\u00e7u\u00ed.<\/p><\/blockquote>\n\n\n\n<p>A v\u00edtima foi resgatada com escoria\u00e7\u00f5es leves e j\u00e1 est\u00e1 em casa. Toda a carga do caminh\u00e3o tamb\u00e9m foi recuperada.<\/p>\n\n\n\n<h2>Corpo tamb\u00e9m levou horas para ser resgatado<\/h2>\n\n\n\n<p>Ainda no domingo (7), um homem, que n\u00e3o teve a identidade revelada, foi encontrado morto em um rio de Uru\u00e7u\u00ed. O trabalho de resgate do corpo tamb\u00e9m durou horas, devido ao local de dif\u00edcil acesso e ao tempo de deslocamento dos bombeiros, encaminhados de&nbsp;<a href=\"https:\/\/g1.globo.com\/pi\/piaui\/cidade\/floriano\/\">Floriano<\/a>, cidade a quase 200 km de dist\u00e2ncia.<\/p>\n\n\n\n<blockquote class=\"wp-block-quote\"><p>\u201cA morte possivelmente foi provocada por afogamento, algumas testemunhas relataram que a v\u00edtima tinha o costume de ingerir bebida alco\u00f3lica e estava desaparecida h\u00e1 dois dias\u201d, contou o tenente Valdeildo.<\/p><\/blockquote>\n\n\n\n<p>De acordo com o delegado da Pol\u00edcia Civil, Natan Cardoso, a falta de estrutura pode comprometer o atendimento \u00e0 popula\u00e7\u00e3o.<\/p>\n\n\n\n<blockquote class=\"wp-block-quote\"><p>&#8220;\u00c9 mais um exemplo de como a aus\u00eancia de uma base dos bombeiros por aqui \u00e9 prejudicial pro atendimento. Acabamos tendo que fazer as vezes de bombeiros nessas situa\u00e7\u00f5es, o que n\u00e3o \u00e9 o mais indicado&#8221;, disse o delegado.<\/p><\/blockquote>\n\n\n\n<h2>Sem previs\u00e3o de cria\u00e7\u00e3o de batalh\u00f5es<\/h2>\n\n\n\n<p>Em outubro, o governo do Piau\u00ed anunciou a cria\u00e7\u00e3o de batalh\u00f5es do Corpo de Bombeiros em cinco cidades do Piau\u00ed: Uru\u00e7u\u00ed, Corrente, Bom Jesus, S\u00e3o Raimundo Nonato e Esperantina. Contudo, ainda n\u00e3o h\u00e1 previs\u00e3o de entrega das unidades.<\/p>\n\n\n\n<p>O g1 procurou o Corpo de Bombeiros do estado, para saber detalhes sobre os novos postos, mas ainda n\u00e3o houve resposta.<\/p>\n\n\n\n<p><strong>Fonte: G1 PI<\/strong><\/p>\n","protected":false},"excerpt":{"rendered":"<p>Um motorista esperou mais de 12 horas por resgate ap\u00f3s o caminh\u00e3o que conduzia tombar, na tarde do \u00faltimo domingo (7), na localidade Barra da Volta, em Uru\u00e7u\u00ed, a 307 km de Teresina. A cidade n\u00e3o possui batalh\u00e3o do Corpo de Bombeiros e o resgate foi feito por policiais e moradores da regi\u00e3o. O g1 [&hellip;]<\/p>\n","protected":false},"author":1,"featured_media":28431,"comment_status":"open","ping_status":"open","sticky":false,"template":"","format":"standard","meta":{"beyondwords_generate_audio":"","beyondwords_project_id":"","beyondwords_podcast_id":"","beyondwords_hash":"","beyondwords_error_message":"","beyondwords_disabled":"","publish_post_to_speechkit":"","speechkit_generate_audio":"","speechkit_project_id":"","speechkit_podcast_id":"","speechkit_hash":"","speechkit_error_message":"","speechkit_disabled":"","speechkit_access_key":"","speechkit_error":"","speechkit_info":"","speechkit_response":"","speechkit_retries":"","_speechkit_link":"","_speechkit_text":""},"categories":[51],"tags":[191,176,70,623,1082,225,63,44,46,1624,160,5344,76,52,79,975],"jetpack_featured_media_url":"","_links":{"self":[{"href":"https:\/\/pinews.com.br\/index.php\/wp-json\/wp\/v2\/posts\/28430"}],"collection":[{"href":"https:\/\/pinews.com.br\/index.php\/wp-json\/wp\/v2\/posts"}],"about":[{"href":"https:\/\/pinews.com.br\/index.php\/wp-json\/wp\/v2\/types\/post"}],"author":[{"embeddable":true,"href":"https:\/\/pinews.com.br\/index.php\/wp-json\/wp\/v2\/users\/1"}],"replies":[{"embeddable":true,"href":"https:\/\/pinews.com.br\/index.php\/wp-json\/wp\/v2\/comments?post=28430"}],"version-history":[{"count":0,"href":"https:\/\/pinews.com.br\/index.php\/wp-json\/wp\/v2\/posts\/28430\/revisions"}],"wp:featuredmedia":[{"embeddable":true,"href":"https:\/\/pinews.com.br\/index.php\/wp-json\/"}],"wp:attachment":[{"href":"https:\/\/pinews.com.br\/index.php\/wp-json\/wp\/v2\/media?parent=28430"}],"wp:term":[{"taxonomy":"category","embeddable":true,"href":"https:\/\/pinews.com.br\/index.php\/wp-json\/wp\/v2\/categories?post=28430"},{"taxonomy":"post_tag","embeddable":true,"href":"https:\/\/pinews.com.br\/index.php\/wp-json\/wp\/v2\/tags?post=28430"}],"curies":[{"name":"wp","href":"https:\/\/api.w.org\/{rel}","templated":true}]}}