{"id":28458,"date":"2021-11-10T19:13:06","date_gmt":"2021-11-10T22:13:06","guid":{"rendered":"https:\/\/pinews.com.br\/?p=28458"},"modified":"2021-11-10T19:13:06","modified_gmt":"2021-11-10T22:13:06","slug":"pm-e-preso-suspeito-de-cobrar-propina-em-blitz-no-piaui-apos-video-viralizar-na-internet","status":"publish","type":"post","link":"https:\/\/pinews.com.br\/index.php\/2021\/11\/10\/pm-e-preso-suspeito-de-cobrar-propina-em-blitz-no-piaui-apos-video-viralizar-na-internet\/","title":{"rendered":"PM \u00e9 preso suspeito de cobrar propina em blitz no Piau\u00ed ap\u00f3s v\u00eddeo viralizar na internet"},"content":{"rendered":"\n<p>O juiz&nbsp; Raimundo Macal, da 9\u00aa Vara Criminal de Teresina, acatou pedido do Minist\u00e9rio P\u00fablico e&nbsp; converteu para preventiva a pris\u00e3o em flagrante do policial. A audi\u00eancia de cust\u00f3dia foi realizada no in\u00edcio da tarde desta quarta-feira (10).&nbsp;&nbsp;<\/p>\n\n\n\n<p>O promotor de Justi\u00e7a, Assuero Stevesson, informou ao Cidadeverde.com que alegou, al\u00e9m do v\u00eddeo flagrante em que o policial aparece recebendo dinheiro, a garantia da ordem p\u00fablica e a fundamenta\u00e7\u00e3o de que todo PM tem que ter hierarquia e disciplina.&nbsp;<\/p>\n\n\n\n<p>\u201cO PM que recebe dinheiro durante o exerc\u00edcio da fun\u00e7\u00e3o coloca em descr\u00e9dito toda corpora\u00e7\u00e3o\u201d, disse o promotor. Sobre o valor que teria recebido, o policial ficou em sil\u00eancio na audi\u00eancia.<\/p>\n\n\n\n<p>O policial preso \u00e9 um cabo lotado no CIPTRAN. Ele segue custodiado no Pres\u00eddio Militar. <\/p>\n\n\n\n<p><em><strong>Mat\u00e9ria original<\/strong><\/em><\/p>\n\n\n\n<p>A Corregedoria da Pol\u00edcia Militar prendeu, em flagrante, um policial da corpora\u00e7\u00e3o que aparece em um v\u00eddeo supostamente cobrando propina a um motoqueiro durante uma blitz.&nbsp;<\/p>\n\n\n\n<p>O v\u00eddeo viralizou nas redes sociais e devido o flagrante a pris\u00e3o foi efetuada. A grava\u00e7\u00e3o mostra o policial militar, que \u00e9 lotado na CIPTRAN (Companhia Independente de Policiamento de Tr\u00e2nsito) recebendo uma suposta propina. O PM j\u00e1 foi identificado, mas n\u00e3o teve o nome divulgado.<\/p>\n\n\n\n<p>Segundo o Corregedor geral, tenente-coronel Costa Lima, o policial est\u00e1 preso no pres\u00eddio militar desde a noite desta ter\u00e7a-feira (09\/11).<br> <br>Segundo apurou o Cidadeverde.com, a blitz aconteceu  ontem (9) na zona Sul de Teresina, no bairro Bela Vista.<br> <br>&#8220;O PM foi identificado pela Corregedoria e preso na noite desta ter\u00e7a (09). O oficial de plant\u00e3o da corregedoria foi quem efetuou a pris\u00e3o do policial&#8221;, informou assessoria de imprensa da PM. <br> <br>A Pol\u00edcia Militar abriu um procedimento administrativo e o policial ser\u00e1 julgado pelo Conselho Militar da institui\u00e7\u00e3o. O PM, ao final do processo, poder\u00e1 perder o cargo e ser exonerado da Pol\u00edcia Militar do Piau\u00ed.<br> <br>&#8220;N\u00e3o \u00e9 isso que a gente ensina. Infelizmente isso acontece. Pedimos \u00e0 popula\u00e7\u00e3o que continue fiscalizando e denunciando esse tipo de situa\u00e7\u00e3o para que n\u00f3s possamos sempre dar a devida resposta a quem comete esse tipo de crime&#8221;, completou o tenente-coronel Costa Lima. <br> <br>No dia do ocorrido, o policial militar estava com outro colega de farda na viatura. Segundo informou Costa Lima, o outro PM, n\u00e3o foi preso porque n\u00e3o h\u00e1 ind\u00edcios de que ele tenha participado do crime.<br> <br>&#8220;Ele estava atuando em outra parte da rua. O PM preso estava conferindo a documenta\u00e7\u00e3o e o colega estava fazendo o controle do tr\u00e2nsito. Nesse primeiro momento, n\u00e3o sabemos se ele estava envolvido. Mas abrimos o processo agora e vamos investigar. A quest\u00e3o \u00e9 que o PM que aparece no v\u00eddeo j\u00e1 est\u00e1 preso&#8221;, destacou o tenente-coronel Costa Lima.<br> <br>A PM informou \u00e0 nossa reportagem que n\u00e3o h\u00e1 informa\u00e7\u00f5es sobre os valores que estavam sendo cobrados pelo PM na propina e se o motociclista que pagou j\u00e1 foi identificado.  <br> <br>A Justi\u00e7a Militar do Piau\u00ed \u00e9 quem julgar\u00e1 o policial militar preso suspeito de receber propina.<\/p>\n\n\n\n<figure class=\"wp-block-embed-youtube wp-block-embed is-type-video is-provider-youtube wp-embed-aspect-16-9 wp-has-aspect-ratio\"><div class=\"wp-block-embed__wrapper\">\n<iframe loading=\"lazy\" title=\"PM e\u0301 flagrado recebendo suposta propina durante blitz em Teresina\" width=\"1170\" height=\"658\" src=\"https:\/\/www.youtube.com\/embed\/nkoJCEudxEc?feature=oembed\" frameborder=\"0\" allow=\"accelerometer; autoplay; clipboard-write; encrypted-media; gyroscope; picture-in-picture; web-share\" allowfullscreen><\/iframe>\n<\/div><\/figure>\n\n\n\n<p><strong>Fonte: Nataniel Lima\/ Cidade Verde<\/strong><\/p>\n","protected":false},"excerpt":{"rendered":"<p>O juiz&nbsp; Raimundo Macal, da 9\u00aa Vara Criminal de Teresina, acatou pedido do Minist\u00e9rio P\u00fablico e&nbsp; converteu para preventiva a pris\u00e3o em flagrante do policial. A audi\u00eancia de cust\u00f3dia foi realizada no in\u00edcio da tarde desta quarta-feira (10).&nbsp;&nbsp; O promotor de Justi\u00e7a, Assuero Stevesson, informou ao Cidadeverde.com que alegou, al\u00e9m do v\u00eddeo flagrante em que [&hellip;]<\/p>\n","protected":false},"author":1,"featured_media":28459,"comment_status":"open","ping_status":"open","sticky":false,"template":"","format":"standard","meta":{"beyondwords_generate_audio":"","beyondwords_project_id":"","beyondwords_podcast_id":"","beyondwords_hash":"","beyondwords_error_message":"","beyondwords_disabled":"","publish_post_to_speechkit":"","speechkit_generate_audio":"","speechkit_project_id":"","speechkit_podcast_id":"","speechkit_hash":"","speechkit_error_message":"","speechkit_disabled":"","speechkit_access_key":"","speechkit_error":"","speechkit_info":"","speechkit_response":"","speechkit_retries":"","_speechkit_link":"","_speechkit_text":""},"categories":[51,78,81],"tags":[70,1040,6849,44,72,46,1931,91,52,313,79,9412,130,67,9413],"jetpack_featured_media_url":"","_links":{"self":[{"href":"https:\/\/pinews.com.br\/index.php\/wp-json\/wp\/v2\/posts\/28458"}],"collection":[{"href":"https:\/\/pinews.com.br\/index.php\/wp-json\/wp\/v2\/posts"}],"about":[{"href":"https:\/\/pinews.com.br\/index.php\/wp-json\/wp\/v2\/types\/post"}],"author":[{"embeddable":true,"href":"https:\/\/pinews.com.br\/index.php\/wp-json\/wp\/v2\/users\/1"}],"replies":[{"embeddable":true,"href":"https:\/\/pinews.com.br\/index.php\/wp-json\/wp\/v2\/comments?post=28458"}],"version-history":[{"count":0,"href":"https:\/\/pinews.com.br\/index.php\/wp-json\/wp\/v2\/posts\/28458\/revisions"}],"wp:featuredmedia":[{"embeddable":true,"href":"https:\/\/pinews.com.br\/index.php\/wp-json\/"}],"wp:attachment":[{"href":"https:\/\/pinews.com.br\/index.php\/wp-json\/wp\/v2\/media?parent=28458"}],"wp:term":[{"taxonomy":"category","embeddable":true,"href":"https:\/\/pinews.com.br\/index.php\/wp-json\/wp\/v2\/categories?post=28458"},{"taxonomy":"post_tag","embeddable":true,"href":"https:\/\/pinews.com.br\/index.php\/wp-json\/wp\/v2\/tags?post=28458"}],"curies":[{"name":"wp","href":"https:\/\/api.w.org\/{rel}","templated":true}]}}