{"id":28522,"date":"2021-11-12T19:21:09","date_gmt":"2021-11-12T22:21:09","guid":{"rendered":"https:\/\/pinews.com.br\/?p=28522"},"modified":"2021-11-12T19:21:09","modified_gmt":"2021-11-12T22:21:09","slug":"sanciona-lei-que-reserva-25-das-vagas-em-concursos-do-governo-estadual-a-negros-e-pardos","status":"publish","type":"post","link":"https:\/\/pinews.com.br\/index.php\/2021\/11\/12\/sanciona-lei-que-reserva-25-das-vagas-em-concursos-do-governo-estadual-a-negros-e-pardos\/","title":{"rendered":"Sanciona lei que reserva 25% das vagas em concursos do governo estadual a negros e pardos"},"content":{"rendered":"\n<p>A governadora em exerc\u00edcio, Regina Sousa (PT), sancionou a Lei N\u00ba 7.626, que reserva \u00e0s pessoas negras e\/ou pardas, 25% das vagas oferecidas nos concursos p\u00fablicos e processos seletivos para provimento de cargos efetivos, tempor\u00e1rios e de empregos p\u00fablicos no \u00e2mbito do Governo do Estado. A lei vale para certames em secretarias, autarquias, funda\u00e7\u00f5es p\u00fablicas, empresas p\u00fablicas e sociedades de economia lista controladas pelo Executivo estadual.<\/p>\n\n\n\n<p>Segundo o texto da lei, a reserva ser\u00e1 aplicada sempre que o n\u00famero de vagas oferecidas no concurso p\u00fablico for igual ou superior a tr\u00eas.&nbsp;<\/p>\n\n\n\n<p>Ainda de acordo com a lei, na hip\u00f3tese de quantitativo fracionado para o n\u00famero de vagas reservadas a candidatos negros e\/ou pardos, esse ser\u00e1 aumentado para o primeiro n\u00famero inteiro subsequente, em caso de fra\u00e7\u00e3o igual ou maior que 0,5, ou diminu\u00eddo para n\u00famero inteiro imediatamente inferior, em caso de fra\u00e7\u00e3o menor que 0,5.<\/p>\n\n\n\n<p>&#8220;A reserva de vagas a candidatos negros e\/ou pardos constar\u00e1 expressamente dos editais dos concursos p\u00fablicos e processos seletivos, que dever\u00e3o especificar o total de vagas correspondentes \u00e0 reserva para cada cargo ou emprego p\u00fablico oferecido, al\u00e9m de trazer informa\u00e7\u00f5es precisas quanto aos crit\u00e9rios de classifica\u00e7\u00e3o, \u00e0 possibilidade de op\u00e7\u00e3o entre a reserva de vaga e a ampla concorr\u00eancia, ou entre cotas distintas, e quanto \u00e0 forma e ordem de provimento das vagas destinadas a candidatos cotistas&#8221;, informa o texto.<\/p>\n\n\n\n<p>O percentual de vagas dever\u00e1 ser calculado a partir do quantitativo total dos cargos ou empregos p\u00fablicos com a mesma natureza, independente da previs\u00e3o de que sua lota\u00e7\u00e3o se d\u00ea em diferentes localidades, vedando-se assim fracionamento que obste ou diminua a obedi\u00eancia ao percentual previsto a Lei.&nbsp;<\/p>\n\n\n\n<p>Podem concorrer \u00e0s vagas, os candidatos que se autodeclararem negros ou pardos no ato da inscri\u00e7\u00e3o no concurso p\u00fablico, vedada a declara\u00e7\u00e3o em momento posterior, conforme o quesito cor ou ra\u00e7a utilizado pela Instituto Brasileiro de Geografia e Estat\u00edstica (IBGE).&nbsp;<\/p>\n\n\n\n<p>A lei, de autoria do deputado estadual Francisco Limma, entrar\u00e1 em vigor em 60 dias e permanecer\u00e1 por 15 anos, devendo o Poder Executivo, por meio do seu \u00f3rg\u00e3o competente, promover o acompanhamento permanente dos seus resultados e produzir relat\u00f3rio conclusivo a cada ano.  <\/p>\n\n\n\n<p><strong>Fonte: H\u00e9rlon Moraes\/ Cidade Verde<\/strong><\/p>\n","protected":false},"excerpt":{"rendered":"<p>A governadora em exerc\u00edcio, Regina Sousa (PT), sancionou a Lei N\u00ba 7.626, que reserva \u00e0s pessoas negras e\/ou pardas, 25% das vagas oferecidas nos concursos p\u00fablicos e processos seletivos para provimento de cargos efetivos, tempor\u00e1rios e de empregos p\u00fablicos no \u00e2mbito do Governo do Estado. A lei vale para certames em secretarias, autarquias, funda\u00e7\u00f5es p\u00fablicas, [&hellip;]<\/p>\n","protected":false},"author":1,"featured_media":28523,"comment_status":"open","ping_status":"open","sticky":false,"template":"","format":"standard","meta":{"beyondwords_generate_audio":"","beyondwords_project_id":"","beyondwords_podcast_id":"","beyondwords_hash":"","beyondwords_error_message":"","beyondwords_disabled":"","publish_post_to_speechkit":"","speechkit_generate_audio":"","speechkit_project_id":"","speechkit_podcast_id":"","speechkit_hash":"","speechkit_error_message":"","speechkit_disabled":"","speechkit_access_key":"","speechkit_error":"","speechkit_info":"","speechkit_response":"","speechkit_retries":"","_speechkit_link":"","_speechkit_text":""},"categories":[134],"tags":[1155,1357,888,46,7819,458,692,9428,9429,5298,7740,6012],"jetpack_featured_media_url":"","_links":{"self":[{"href":"https:\/\/pinews.com.br\/index.php\/wp-json\/wp\/v2\/posts\/28522"}],"collection":[{"href":"https:\/\/pinews.com.br\/index.php\/wp-json\/wp\/v2\/posts"}],"about":[{"href":"https:\/\/pinews.com.br\/index.php\/wp-json\/wp\/v2\/types\/post"}],"author":[{"embeddable":true,"href":"https:\/\/pinews.com.br\/index.php\/wp-json\/wp\/v2\/users\/1"}],"replies":[{"embeddable":true,"href":"https:\/\/pinews.com.br\/index.php\/wp-json\/wp\/v2\/comments?post=28522"}],"version-history":[{"count":0,"href":"https:\/\/pinews.com.br\/index.php\/wp-json\/wp\/v2\/posts\/28522\/revisions"}],"wp:featuredmedia":[{"embeddable":true,"href":"https:\/\/pinews.com.br\/index.php\/wp-json\/"}],"wp:attachment":[{"href":"https:\/\/pinews.com.br\/index.php\/wp-json\/wp\/v2\/media?parent=28522"}],"wp:term":[{"taxonomy":"category","embeddable":true,"href":"https:\/\/pinews.com.br\/index.php\/wp-json\/wp\/v2\/categories?post=28522"},{"taxonomy":"post_tag","embeddable":true,"href":"https:\/\/pinews.com.br\/index.php\/wp-json\/wp\/v2\/tags?post=28522"}],"curies":[{"name":"wp","href":"https:\/\/api.w.org\/{rel}","templated":true}]}}