{"id":28528,"date":"2021-11-12T19:26:55","date_gmt":"2021-11-12T22:26:55","guid":{"rendered":"https:\/\/pinews.com.br\/?p=28528"},"modified":"2021-11-12T19:26:55","modified_gmt":"2021-11-12T22:26:55","slug":"bebe-venezuelana-morre-apos-suposta-pratica-de-curandeirismo-em-abrigo-no-piaui","status":"publish","type":"post","link":"https:\/\/pinews.com.br\/index.php\/2021\/11\/12\/bebe-venezuelana-morre-apos-suposta-pratica-de-curandeirismo-em-abrigo-no-piaui\/","title":{"rendered":"Beb\u00ea venezuelana morre ap\u00f3s suposta pr\u00e1tica de curandeirismo em abrigo no Piau\u00ed"},"content":{"rendered":"\n<p>Um beb\u00ea venezuelano, do sexo feminino, de 9 meses de idade morreu, nesta sexta-feira (12), ap\u00f3s uma pr\u00e1tica de curandeirismo realizada em abrigo na zona Norte de Teresina. A informa\u00e7\u00e3o foi confirmada pelo secret\u00e1rio executivo da Secretaria Municipal de Assist\u00eancia Social (Semcaspi), Eduardo Aguiar.<\/p>\n\n\n\n<p>O secret\u00e1rio afirma que a menina chegou em Teresina no \u00faltimo dia 3 de novembro, junto com os pais, j\u00e1 apresentando sinais de desnutri\u00e7\u00e3o e hepatomegalia [aumento do f\u00edgado]. Eles partiram da cidade de Bel\u00e9m (PA).&nbsp; O gestor conta que hoje o beb\u00ea foi submetido a um ritual com um curandeiro, chamado por eles de paj\u00e9.<\/p>\n\n\n\n<p>\u201cO abd\u00f4men dele foi pressionado e ficou roxo. Ele foi levado para o Hospital do Buenos Aires e infelizmente morreu l\u00e1\u201d, conta.&nbsp;&nbsp;<\/p>\n\n\n\n<p>Segundo o secret\u00e1rio executivo, desde que o beb\u00ea chegou em Teresina a Semcaspi lhe encaminhou para atendimento em unidades de sa\u00fade. &#8220;No entanto, os pais n\u00e3o estavam fazendo o tratamento m\u00e9dico e optando por fazer as pr\u00e1ticas do paj\u00e9&#8221;, explica.<\/p>\n\n\n\n<p>A Semcaspi acionou o Conselho Tutelar, j\u00e1 que h\u00e1 sinais de maus tratos. Um Boletim de Ocorr\u00eancia deve ser registrado contra os pais do beb\u00ea e o&nbsp; paj\u00e9.&nbsp;<\/p>\n\n\n\n<p>&#8220;Eles [venezuelanos] t\u00eam a cultura deles, mas \u00e9 preciso que se saiba at\u00e9 onde pode chegar&#8221;,acrescenta.&nbsp; A m\u00e3e da crian\u00e7a, que \u00e9 menor de idade, e a av\u00f3 foram conduzidas \u00e0 Central de Flagrantes, acompanhadas de assistente social.<\/p>\n\n\n\n<p>A Semcaspi emitiu nota de esclarecimento sobre o caso.&nbsp;<\/p>\n\n\n\n<blockquote class=\"wp-block-quote\"><p><em>A Secretaria Municipal de Cidadania, Assist\u00eancia Social e Pol\u00edticas Integradas (Semcaspi) confirma o falecimento de um beb\u00ea ind\u00edgena venezuelano, do sexo feminino e identificada como Heilin Perez, 9 meses de vida. O falecimento aconteceu nesta sexta-feira, (12\/11), no Hospital do Buenos Aires, zona Norte de Teresina.&nbsp;<\/em><\/p><p><em>A Semcaspi informa que o beb\u00ea e a fam\u00edlia moravam em Bel\u00e9m (PA) e chegaram ao abrigo Buenos Aires, no dia 3 de novembro deste ano. A crian\u00e7a j\u00e1 estava bastante debilitada e com alguns hematomas no corpo. A fam\u00edlia foi orientada a buscar os cuidados m\u00e9dicos, no entanto, buscaram inicialmente tratamento religioso.<\/em><\/p><p><em>O I Conselho Tutelar foi acionado pela Ger\u00eancia de Direitos Humanos da Semcaspi e o beb\u00ea foi encaminhado ao hospital, no entanto, n\u00e3o resistiu aos sinais de maus tratos e acabou falecendo. A m\u00e3e de Heilin, H.D.V, 13 anos, e a av\u00f3, Maria Perez, 41 anos, s\u00e3o acusadas de maus tratos e foram encaminhadas pela Pol\u00edcia Militar do Piau\u00ed para a Central de Flagrantes, a Ger\u00eancia de Direitos Humanos e a equipe do I Conselho Tutelar acompanharam as acusadas. A Semcaspi refor\u00e7a que est\u00e1 tomando todas as provid\u00eancias cab\u00edveis e tem colaborado com as informa\u00e7\u00f5es necess\u00e1rias.<\/em><\/p><\/blockquote>\n\n\n\n<p><strong>Fonte: Izabella Pimentel\/ Cidade Verde<\/strong><\/p>\n","protected":false},"excerpt":{"rendered":"<p>Um beb\u00ea venezuelano, do sexo feminino, de 9 meses de idade morreu, nesta sexta-feira (12), ap\u00f3s uma pr\u00e1tica de curandeirismo realizada em abrigo na zona Norte de Teresina. A informa\u00e7\u00e3o foi confirmada pelo secret\u00e1rio executivo da Secretaria Municipal de Assist\u00eancia Social (Semcaspi), Eduardo Aguiar. O secret\u00e1rio afirma que a menina chegou em Teresina no \u00faltimo [&hellip;]<\/p>\n","protected":false},"author":1,"featured_media":28529,"comment_status":"open","ping_status":"open","sticky":false,"template":"","format":"standard","meta":{"beyondwords_generate_audio":"","beyondwords_project_id":"","beyondwords_podcast_id":"","beyondwords_hash":"","beyondwords_error_message":"","beyondwords_disabled":"","publish_post_to_speechkit":"","speechkit_generate_audio":"","speechkit_project_id":"","speechkit_podcast_id":"","speechkit_hash":"","speechkit_error_message":"","speechkit_disabled":"","speechkit_access_key":"","speechkit_error":"","speechkit_info":"","speechkit_response":"","speechkit_retries":"","_speechkit_link":"","_speechkit_text":""},"categories":[51,81],"tags":[5107,70,113,9430,44,46,119,52,8191,7685,9076],"jetpack_featured_media_url":"","_links":{"self":[{"href":"https:\/\/pinews.com.br\/index.php\/wp-json\/wp\/v2\/posts\/28528"}],"collection":[{"href":"https:\/\/pinews.com.br\/index.php\/wp-json\/wp\/v2\/posts"}],"about":[{"href":"https:\/\/pinews.com.br\/index.php\/wp-json\/wp\/v2\/types\/post"}],"author":[{"embeddable":true,"href":"https:\/\/pinews.com.br\/index.php\/wp-json\/wp\/v2\/users\/1"}],"replies":[{"embeddable":true,"href":"https:\/\/pinews.com.br\/index.php\/wp-json\/wp\/v2\/comments?post=28528"}],"version-history":[{"count":0,"href":"https:\/\/pinews.com.br\/index.php\/wp-json\/wp\/v2\/posts\/28528\/revisions"}],"wp:featuredmedia":[{"embeddable":true,"href":"https:\/\/pinews.com.br\/index.php\/wp-json\/"}],"wp:attachment":[{"href":"https:\/\/pinews.com.br\/index.php\/wp-json\/wp\/v2\/media?parent=28528"}],"wp:term":[{"taxonomy":"category","embeddable":true,"href":"https:\/\/pinews.com.br\/index.php\/wp-json\/wp\/v2\/categories?post=28528"},{"taxonomy":"post_tag","embeddable":true,"href":"https:\/\/pinews.com.br\/index.php\/wp-json\/wp\/v2\/tags?post=28528"}],"curies":[{"name":"wp","href":"https:\/\/api.w.org\/{rel}","templated":true}]}}