{"id":28531,"date":"2021-11-12T19:29:27","date_gmt":"2021-11-12T22:29:27","guid":{"rendered":"https:\/\/pinews.com.br\/?p=28531"},"modified":"2021-11-12T19:29:27","modified_gmt":"2021-11-12T22:29:27","slug":"morador-de-rua-e-esfaqueado-em-suposta-briga-por-causa-de-chinelo-no-piaui","status":"publish","type":"post","link":"https:\/\/pinews.com.br\/index.php\/2021\/11\/12\/morador-de-rua-e-esfaqueado-em-suposta-briga-por-causa-de-chinelo-no-piaui\/","title":{"rendered":"Morador de rua \u00e9 esfaqueado em suposta briga por causa de chinelo no Piau\u00ed"},"content":{"rendered":"\n<p>Um morador de rua foi esfaqueado durante uma briga, supostamente, por causa de um par de chinelos. O crime aconteceu no Centro de Teresina, pr\u00f3ximo ao Shopping da Cidade, nesta sexta-feira (12).&nbsp;&nbsp;<\/p>\n\n\n\n<p>Segundo informou \u00e0 reportagem o 1\u00ba Batalh\u00e3o da Pol\u00edcia Militar do Piau\u00ed, a briga aconteceu por volta das 8h40 e envolveu tr\u00eas supostos moradores de rua.&nbsp;<\/p>\n\n\n\n<p>Denis Loureira, microempreendedor que trabalha na regi\u00e3o, afirmou que os tr\u00eas homens iniciaram a discuss\u00e3o por causa de um par de chinelos. Segundo Loureira, o trio estava consumindo bebida alco\u00f3lica em um banco na pra\u00e7a da Bandeira.<\/p>\n\n\n\n<p>O homem que foi atingido com golpes de arma branca foi socorrido pela equipe do Samu (Servi\u00e7o de Atendimento M\u00f3vel de Urg\u00eancia) com vida e foi encaminhado ao HUT (Hospital de Urg\u00eancia de Teresina).&nbsp;<\/p>\n\n\n\n<p>Os outros dois envolvidos na briga foram presos por policiais do 1\u00ba BPM e encaminhados \u00e0 Central de Flagrantes, onde aguardar\u00e3o o tr\u00e2mite legal da Justi\u00e7a.&nbsp;<\/p>\n\n\n\n<p><strong>Fonte: Nataniel Lima e Thiago Melo\/ Cidade Verde<\/strong><\/p>\n","protected":false},"excerpt":{"rendered":"<p>Um morador de rua foi esfaqueado durante uma briga, supostamente, por causa de um par de chinelos. O crime aconteceu no Centro de Teresina, pr\u00f3ximo ao Shopping da Cidade, nesta sexta-feira (12).&nbsp;&nbsp; Segundo informou \u00e0 reportagem o 1\u00ba Batalh\u00e3o da Pol\u00edcia Militar do Piau\u00ed, a briga aconteceu por volta das 8h40 e envolveu tr\u00eas supostos [&hellip;]<\/p>\n","protected":false},"author":1,"featured_media":28532,"comment_status":"open","ping_status":"open","sticky":false,"template":"","format":"standard","meta":{"beyondwords_generate_audio":"","beyondwords_project_id":"","beyondwords_podcast_id":"","beyondwords_hash":"","beyondwords_error_message":"","beyondwords_disabled":"","publish_post_to_speechkit":"","speechkit_generate_audio":"","speechkit_project_id":"","speechkit_podcast_id":"","speechkit_hash":"","speechkit_error_message":"","speechkit_disabled":"","speechkit_access_key":"","speechkit_error":"","speechkit_info":"","speechkit_response":"","speechkit_retries":"","_speechkit_link":"","_speechkit_text":""},"categories":[51,78,81],"tags":[251,172,9431,44,72,46,502,578,52,59,846,7685],"jetpack_featured_media_url":"","_links":{"self":[{"href":"https:\/\/pinews.com.br\/index.php\/wp-json\/wp\/v2\/posts\/28531"}],"collection":[{"href":"https:\/\/pinews.com.br\/index.php\/wp-json\/wp\/v2\/posts"}],"about":[{"href":"https:\/\/pinews.com.br\/index.php\/wp-json\/wp\/v2\/types\/post"}],"author":[{"embeddable":true,"href":"https:\/\/pinews.com.br\/index.php\/wp-json\/wp\/v2\/users\/1"}],"replies":[{"embeddable":true,"href":"https:\/\/pinews.com.br\/index.php\/wp-json\/wp\/v2\/comments?post=28531"}],"version-history":[{"count":0,"href":"https:\/\/pinews.com.br\/index.php\/wp-json\/wp\/v2\/posts\/28531\/revisions"}],"wp:featuredmedia":[{"embeddable":true,"href":"https:\/\/pinews.com.br\/index.php\/wp-json\/"}],"wp:attachment":[{"href":"https:\/\/pinews.com.br\/index.php\/wp-json\/wp\/v2\/media?parent=28531"}],"wp:term":[{"taxonomy":"category","embeddable":true,"href":"https:\/\/pinews.com.br\/index.php\/wp-json\/wp\/v2\/categories?post=28531"},{"taxonomy":"post_tag","embeddable":true,"href":"https:\/\/pinews.com.br\/index.php\/wp-json\/wp\/v2\/tags?post=28531"}],"curies":[{"name":"wp","href":"https:\/\/api.w.org\/{rel}","templated":true}]}}