{"id":28585,"date":"2021-11-15T11:12:04","date_gmt":"2021-11-15T14:12:04","guid":{"rendered":"https:\/\/pinews.com.br\/?p=28585"},"modified":"2021-11-15T11:12:04","modified_gmt":"2021-11-15T14:12:04","slug":"governo-estuda-nao-editar-evento-teste-e-liberar-mascara-em-novo-decreto-de-dezembro","status":"publish","type":"post","link":"https:\/\/pinews.com.br\/index.php\/2021\/11\/15\/governo-estuda-nao-editar-evento-teste-e-liberar-mascara-em-novo-decreto-de-dezembro\/","title":{"rendered":"Governo estuda n\u00e3o editar evento-teste e liberar m\u00e1scara em novo decreto de dezembro"},"content":{"rendered":"\n<p>O governo do estado estuda a possibilidade de n\u00e3o publicar portaria com protocolo para os eventos-teste, devido os indicadores de transmiss\u00e3o estarem em queda. Outra medida que o governo analisa \u00e9 a de ter um \u201cNatal sem m\u00e1scara\u201d. As novas medidas estar\u00e3o no novo decreto que est\u00e1 sendo formatado para valer a partir de dezembro. O \u00faltimo decreto vale at\u00e9 o dia 28 deste m\u00eas. <\/p>\n\n\n\n<p>A equipe da Vigil\u00e2ncia Sanit\u00e1ria em parceria com o COE (Comit\u00ea de Opera\u00e7\u00f5es&nbsp; Emergenciais de Combate a Covid-19) j\u00e1 tinha aprovados as medidas restritivas para o evento-teste. Entre as exig\u00eancias estava de cart\u00e3o de vacina\u00e7\u00e3o com duas doses ou uma dose de vacina e um teste 48h confirmando o exame negativo. O evento-teste valeria para qualquer produ\u00e7\u00e3o, mas a primeira seria na Expoapi.&nbsp;<\/p>\n\n\n\n<p>O portal Cidadeverde.com conversou com lideran\u00e7as ligadas ao governo, que trata sobre o assunto, e admitiram que o governo iria recuar na realiza\u00e7\u00e3o dos eventos-teste. A justificativa \u00e9 que os indicadores de transmiss\u00e3o e de interna\u00e7\u00f5es hospitalares est\u00e3o em queda e n\u00e3o precisaria do monitoramento neste momento da pandemia.<\/p>\n\n\n\n<p>O governo aguarda os indicadores e poder\u00e1 ter altera\u00e7\u00e3o no novo decreto de dezembro.<\/p>\n\n\n\n<p><strong>Liberar o uso de m\u00e1scara<\/strong><\/p>\n\n\n\n<p>O governador Wellington Dias (PT), antes de viajar para Glasgow, na Esc\u00f3cia, tinha adiantando que s\u00f3 iria liberar o uso de m\u00e1scara em ambientes abertos com aval do COE. Wellington Dias est\u00e1 de quarentena no Reino Unido ap\u00f3s ser diagnosticado com covid-19 ao participar da 26\u00aa Confer\u00eancia das Na\u00e7\u00f5es Unidas sobre as Mudan\u00e7as Clim\u00e1ticas, a COP26. A previs\u00e3o \u00e9 que o governador retorne ao estado no pr\u00f3ximo dia 19.<\/p>\n\n\n\n<p>As lideran\u00e7as acreditam que se as taxas continuarem em queda h\u00e1 chances do novo decreto desobrigar o uso da prote\u00e7\u00e3o facial em ambientes abertos. Ainda n\u00e3o h\u00e1 defini\u00e7\u00e3o e o governo s\u00f3 bater\u00e1 o martelo no final do m\u00eas.<\/p>\n\n\n\n<p><strong>Fonte: Flash Yala Sena\/ Cidade Verde<\/strong><\/p>\n","protected":false},"excerpt":{"rendered":"<p>O governo do estado estuda a possibilidade de n\u00e3o publicar portaria com protocolo para os eventos-teste, devido os indicadores de transmiss\u00e3o estarem em queda. Outra medida que o governo analisa \u00e9 a de ter um \u201cNatal sem m\u00e1scara\u201d. As novas medidas estar\u00e3o no novo decreto que est\u00e1 sendo formatado para valer a partir de dezembro. [&hellip;]<\/p>\n","protected":false},"author":1,"featured_media":28586,"comment_status":"open","ping_status":"open","sticky":false,"template":"","format":"standard","meta":{"beyondwords_generate_audio":"","beyondwords_project_id":"","beyondwords_podcast_id":"","beyondwords_hash":"","beyondwords_error_message":"","beyondwords_disabled":"","publish_post_to_speechkit":"","speechkit_generate_audio":"","speechkit_project_id":"","speechkit_podcast_id":"","speechkit_hash":"","speechkit_error_message":"","speechkit_disabled":"","speechkit_access_key":"","speechkit_error":"","speechkit_info":"","speechkit_response":"","speechkit_retries":"","_speechkit_link":"","_speechkit_text":""},"categories":[51],"tags":[44,2611,4337,9437,46,6873,9438,458,2334,1740,653,508],"jetpack_featured_media_url":"","_links":{"self":[{"href":"https:\/\/pinews.com.br\/index.php\/wp-json\/wp\/v2\/posts\/28585"}],"collection":[{"href":"https:\/\/pinews.com.br\/index.php\/wp-json\/wp\/v2\/posts"}],"about":[{"href":"https:\/\/pinews.com.br\/index.php\/wp-json\/wp\/v2\/types\/post"}],"author":[{"embeddable":true,"href":"https:\/\/pinews.com.br\/index.php\/wp-json\/wp\/v2\/users\/1"}],"replies":[{"embeddable":true,"href":"https:\/\/pinews.com.br\/index.php\/wp-json\/wp\/v2\/comments?post=28585"}],"version-history":[{"count":0,"href":"https:\/\/pinews.com.br\/index.php\/wp-json\/wp\/v2\/posts\/28585\/revisions"}],"wp:featuredmedia":[{"embeddable":true,"href":"https:\/\/pinews.com.br\/index.php\/wp-json\/"}],"wp:attachment":[{"href":"https:\/\/pinews.com.br\/index.php\/wp-json\/wp\/v2\/media?parent=28585"}],"wp:term":[{"taxonomy":"category","embeddable":true,"href":"https:\/\/pinews.com.br\/index.php\/wp-json\/wp\/v2\/categories?post=28585"},{"taxonomy":"post_tag","embeddable":true,"href":"https:\/\/pinews.com.br\/index.php\/wp-json\/wp\/v2\/tags?post=28585"}],"curies":[{"name":"wp","href":"https:\/\/api.w.org\/{rel}","templated":true}]}}