{"id":28600,"date":"2021-11-15T19:46:47","date_gmt":"2021-11-15T22:46:47","guid":{"rendered":"https:\/\/pinews.com.br\/?p=28600"},"modified":"2021-11-15T19:46:47","modified_gmt":"2021-11-15T22:46:47","slug":"estudante-se-inspira-na-mae-agente-de-saude-e-produz-filtros-ecologicos-para-familias-carentes-no-piaui","status":"publish","type":"post","link":"https:\/\/pinews.com.br\/index.php\/2021\/11\/15\/estudante-se-inspira-na-mae-agente-de-saude-e-produz-filtros-ecologicos-para-familias-carentes-no-piaui\/","title":{"rendered":"Estudante se inspira na m\u00e3e agente de sa\u00fade e produz filtros ecol\u00f3gicos para fam\u00edlias carentes no Piau\u00ed"},"content":{"rendered":"\n<p>A estudante de enfermagem Elayne Pereira, inspirada pelo esfor\u00e7o da m\u00e3e em seu trabalho de agente comunit\u00e1ria no interior de Matias Olimp\u00edo, a 199 km de Teresina, desenvolveu um filtro ecol\u00f3gico para melhorar a qualidade de vida de fam\u00edlias carentes no Piau\u00ed.<\/p>\n\n\n\n<p>Al\u00e9m do benef\u00edcio \u00e0 sa\u00fade p\u00fablica, uma das vantagens do filtro ecol\u00f3gico \u00e9 o baixo custo, menos de R$ 25 para produ\u00e7\u00e3o, podendo ser at\u00e9 mais barato caso os baldes utilizados forem adquiridos gratuitamente.<\/p>\n\n\n\n<p>Elayne aproveitou o est\u00e1gio na \u00e1rea da sa\u00fade para estudar sobre o modo de vida e a reincid\u00eancia de doen\u00e7as causadas por endoparasitas.<\/p>\n\n\n\n<blockquote class=\"wp-block-quote\"><p>&#8220;Durante meu est\u00e1gio na Unidade B\u00e1sica de Sa\u00fade do bairro Portal da Alegria, que atende comunidades carentes, percebi o grande n\u00famero de incid\u00eancia de pacientes com problemas que envolvem parasitoses, verminoses, diarreias e tudo isso ocasionado pela ingest\u00e3o de \u00e1gua n\u00e3o tratada&#8221;, explicou.<\/p><\/blockquote>\n\n\n\n<p>Sabendo disso, a estudante procurou o professor Adalberto Paz, de embriologia, para retomar o projeto de filtros ecol\u00f3gicos iniciado em 2019, mas que parou devido \u00e0 pandemia da Covid-19.<\/p>\n\n\n\n<p>Junto com o seu professor, Elayne continuou investigando a sa\u00fade dos pacientes e na semana passada organizou uma oficina no p\u00e1tio da UBS do Portal da Alegria para ensinar fam\u00edlias assistidas pela unidade a confeccionarem seus pr\u00f3prios filtros.<\/p>\n\n\n\n<p>&#8220;Temos esse projeto para beneficiar fam\u00edlias carentes, porque sabemos que \u00e1gua \u00e9 vital. Quando essa \u00e1gua \u00e9 tratada, ela evita em 70% dos endoparasitas em crian\u00e7as. O que pode levar um paciente a terapia intensiva ou at\u00e9 mesmo \u00e0 morte&#8221;, explicou o professor.<\/p>\n\n\n\n<h2>Inspira\u00e7\u00e3o<\/h2>\n\n\n\n<figure class=\"wp-block-image\"><img decoding=\"async\" src=\"https:\/\/s2.glbimg.com\/vYFY0i8COPq6EfQsestq7S771vA=\/0x0:960x1183\/984x0\/smart\/filters:strip_icc()\/i.s3.glbimg.com\/v1\/AUTH_59edd422c0c84a879bd37670ae4f538a\/internal_photos\/bs\/2021\/J\/3\/p2kyr5QzWQiJqprB50eA\/filtro.jpg\" alt=\"Estudante de enfermagem produziu filtros ecol\u00f3gicos para fam\u00edlias carentes no Piau\u00ed \u2014 Foto: Arquivo pessoal\/Elayne Pereira\"\/><figcaption>Estudante de enfermagem produziu filtros ecol\u00f3gicos para fam\u00edlias carentes no Piau\u00ed \u2014 Foto: Arquivo pessoal\/Elayne Pereira<\/figcaption><\/figure>\n\n\n\n<p>Elayne contou ao&nbsp;<a href=\"https:\/\/g1.globo.com\/pi\/piaui\/\">g1<\/a>&nbsp;que conhece esse tipo de filtro desde a inf\u00e2ncia, pois sua m\u00e3e Maria de Lourdes Azevedo e seu irm\u00e3o Eduardo Azevedo j\u00e1 confeccionavam o material. A dona Maria de Lourdes \u00e9 agente comunit\u00e1ria de sa\u00fade da regi\u00e3o e produzia os filtros para fam\u00edlias carentes com muita incid\u00eancia de doen\u00e7as por causa de \u00e1gua n\u00e3o tratada.<\/p>\n\n\n\n<blockquote class=\"wp-block-quote\"><p>&#8220;Eu sempre ouvia minha m\u00e3e falando que as pessoas n\u00e3o tinham filtro em casa, que as pessoas n\u00e3o tinham condi\u00e7\u00e3o de comprar, que estavam sempre adoecendo e se ela pudesse dava mais filtros para essas fam\u00edlias. Mas devido as nossas condi\u00e7\u00f5es financeiras, a minha m\u00e3e n\u00e3o conseguia fazer isso. Ent\u00e3o ela repassou a ideia&#8221;, contou a estudante.<\/p><\/blockquote>\n\n\n\n<p>Para a fam\u00edlia de Elayne e demais pessoas da comunidade Saco do Pequi, zona rural de Matias Ol\u00edmpio, o filtro ecol\u00f3gico era a \u00fanica solu\u00e7\u00e3o de ter acesso \u00e0 \u00e1gua pot\u00e1vel, segundo a estudante.<\/p>\n\n\n\n<p>&#8220;Ent\u00e3o a minha inspira\u00e7\u00e3o vem de ver a minha m\u00e3e, que l\u00e1 no nosso interior de Matias Ol\u00edmpio, trabalha como agente comunit\u00e1ria de sa\u00fade e se esfor\u00e7a tanto para isso. E estar com os meus professores e ver a import\u00e2ncia que eles tamb\u00e9m d\u00e3o para ajudar as fam\u00edlias mais carentes, fazendo com que a gente tenha esse olhar mais humanista para as pessoas&#8221;, declarou.<\/p>\n\n\n\n<figure class=\"wp-block-image\"><img decoding=\"async\" src=\"https:\/\/s2.glbimg.com\/Hut_5H9QvpnqgcTR_WszfSMvYhg=\/0x0:1080x1080\/984x0\/smart\/filters:strip_icc()\/i.s3.glbimg.com\/v1\/AUTH_59edd422c0c84a879bd37670ae4f538a\/internal_photos\/bs\/2021\/H\/W\/mjG4V6QXyqtAY2Bx0hRQ\/6fb1a0ff-b0e8-4819-bd0d-39727156ad89.jpg\" alt=\"Estudante Elayne Pereira e Adalberto Paz doaram filtros para fam\u00edlias carentes no Piau\u00ed \u2014 Foto: Arquivo pessoal\/Elayne Pereira\"\/><figcaption>Estudante Elayne Pereira e Adalberto Paz doaram filtros para fam\u00edlias carentes no Piau\u00ed \u2014 Foto: Arquivo pessoal\/Elayne Pereira<\/figcaption><\/figure>\n\n\n\n<p>Outra pessoa que incentivou e inspirou o trabalho da acad\u00eamica foi o professor Adalberto Paz, que investiu todo seu conhecimento no projeto dos filtros ecol\u00f3gicos.<\/p>\n\n\n\n<p>&#8220;Ele \u00e9 uma grande inspira\u00e7\u00e3o para mim por ser uma pessoa dedicada ao seu trabalho, aos seus alunos, a sa\u00fade. Porque ele \u00e9 uma pessoa que se preocupa realmente em ensinar e me ajudou a enxergar a import\u00e2ncia e necessidade desse projeto. Assim como me ajudou a por tudo isso em pr\u00e1tica&#8221;, disse Elayne.<\/p>\n\n\n\n<h2>Projeto em pr\u00e1tica<\/h2>\n\n\n\n<figure class=\"wp-block-image\"><img decoding=\"async\" src=\"https:\/\/s2.glbimg.com\/lBmvhmI4msGVNbB6lfWqdHOzrKY=\/0x0:960x960\/984x0\/smart\/filters:strip_icc()\/i.s3.glbimg.com\/v1\/AUTH_59edd422c0c84a879bd37670ae4f538a\/internal_photos\/bs\/2021\/K\/o\/LpRtOyQeGVKttNkV6DbA\/7a99aebf-0b62-49f0-bd46-0f2d739ae994.jpg\" alt=\"Estudante de enfermagem ensinou fam\u00edlias a produzirem filtros ecol\u00f3gicos \u2014 Foto: Arquivo pessoal\/Elayne Pereira\"\/><figcaption>Estudante de enfermagem ensinou fam\u00edlias a produzirem filtros ecol\u00f3gicos \u2014 Foto: Arquivo pessoal\/Elayne Pereira<\/figcaption><\/figure>\n\n\n\n<p>De acordo com o professor Adalberto, o projeto existe desde 2019, mas foi interrompido ano passado devido \u00e0 pandemia da Covid-19. Neste ano, a equipe respons\u00e1vel pelos filtros ecol\u00f3gicos organizou uma oficina para ensinar essa fam\u00edlias carentes de \u00e1gua tratada a confeccionarem seus pr\u00f3prios filtros promovendo qualidade de vida e gera\u00e7\u00e3o de renda.<\/p>\n\n\n\n<p>&#8220;A oficina foi na UBS do Portal da Alegria. Foi com os pr\u00f3prios moradores da regi\u00e3o que tem atendimento na unidade. O convite aos participantes foi feito por meio da consulta de enfermagem na UBS. Identificamos na consulta a necessidade desses pacientes e a partir da\u00ed realizamos o convite para a oficina&#8221;, disse Elayne.<\/p>\n\n\n\n<p>A estudante informou ao g1 que todos os filtros confeccionados na oficina foram doados \u00e0 comunidade atendida pela UBS. Ainda n\u00e3o h\u00e1 data para os pr\u00f3ximos eventos assim, mas a previs\u00e3o \u00e9 que ocorra em outras UBSs.<\/p>\n\n\n\n<p>&#8220;Os baldes, s\u00e3o geralmente vendidos por padarias a R$ 5, a torneira \u00e9 cerca de R$ 2 e as duas velas custam em m\u00e9dia R$ 10. Ent\u00e3o por um baixo custo essas fam\u00edlias v\u00e3o ter um filtro, j\u00e1 testado em laborat\u00f3rio sua efici\u00eancia. Fora que pode virar uma fonte de renda, porque podem confeccionar esses filtros e venderem na comunidade&#8221;, explicou o professor Adalberto.<\/p>\n\n\n\n<p>H\u00e1 cerca de cinco anos, a manicure Ausirene Ferreira utiliza o filtro ecol\u00f3gico. Ela n\u00e3o conhece Elayne e nem o projeto, mas por meio de seu cunhado viu o filtro pela primeira vez.<\/p>\n\n\n\n<p>Desde ent\u00e3o, Ausirene tamb\u00e9m repassa a ideia econ\u00f4mica e sustent\u00e1vel para suas clientes, familiares e pessoas que frequentam sua casa. Ela contou que o filtro al\u00e9m de ser econ\u00f4mico, \u00e9 muito f\u00e1cil de ser higienizado.<\/p>\n\n\n\n<p>&#8220;Gostei, fiz em casa e deu certo. Tempos depois quando a minha m\u00e3e me visitou, ela viu o meu filtro e disse que tamb\u00e9m queria um, acabamos fazendo dois para ela levar para casa em Porto. Teve uma vez que um pedreiro veio aqui em casa e tamb\u00e9m gostou da ideia e eu mostrei para ele como fazer. Sempre que me perguntam eu repasso a ideia para outras pessoas fazerem&#8221;, contou a manicure.<\/p>\n\n\n\n<h2>Promovendo sa\u00fade<\/h2>\n\n\n\n<p>A acad\u00eamica Elayne e o professor Adalberto refor\u00e7am a import\u00e2ncia do filtro ecol\u00f3gico. Para eles, equipamento tem grande utilidade porque \u00e9 uma promo\u00e7\u00e3o de sa\u00fade, quest\u00e3o de preven\u00e7\u00e3o. Segundo eles, n\u00e3o basta o paciente buscar s\u00f3 o tratamento, ele tamb\u00e9m precisa de acesso \u00e0 preven\u00e7\u00e3o de doen\u00e7as.<\/p>\n\n\n\n<p>&#8220;N\u00f3s, como profissionais, temos que ter esse olhar hol\u00edstico quanto ao paciente, de enxergar suas necessidades, de observar e ver a realidade de cada um para assim levar meios para que essas pessoas possam estar se prevenindo e n\u00e3o s\u00f3 tratando uma doen\u00e7a que vai ter reincid\u00eancia&#8221;, disse Elayne.<\/p>\n\n\n\n<p>O professor destacou a felicidade de saber da propaga\u00e7\u00e3o do projeto. &#8220;Ent\u00e3o \u00e9 muito gratificante, porque a gente vai disseminar aquele conhecimento na comunidade. Vai dar uma assist\u00eancia \u00e0 popula\u00e7\u00e3o e, consequentemente, melhoria de vida na sa\u00fade p\u00fablica&#8221;, finalizou Adalberto.<\/p>\n\n\n\n<p><strong>Fonte: G1 PI<\/strong><\/p>\n","protected":false},"excerpt":{"rendered":"<p>A estudante de enfermagem Elayne Pereira, inspirada pelo esfor\u00e7o da m\u00e3e em seu trabalho de agente comunit\u00e1ria no interior de Matias Olimp\u00edo, a 199 km de Teresina, desenvolveu um filtro ecol\u00f3gico para melhorar a qualidade de vida de fam\u00edlias carentes no Piau\u00ed. Al\u00e9m do benef\u00edcio \u00e0 sa\u00fade p\u00fablica, uma das vantagens do filtro ecol\u00f3gico \u00e9 [&hellip;]<\/p>\n","protected":false},"author":1,"featured_media":28601,"comment_status":"open","ping_status":"open","sticky":false,"template":"","format":"standard","meta":{"beyondwords_generate_audio":"","beyondwords_project_id":"","beyondwords_podcast_id":"","beyondwords_hash":"","beyondwords_error_message":"","beyondwords_disabled":"","publish_post_to_speechkit":"","speechkit_generate_audio":"","speechkit_project_id":"","speechkit_podcast_id":"","speechkit_hash":"","speechkit_error_message":"","speechkit_disabled":"","speechkit_access_key":"","speechkit_error":"","speechkit_info":"","speechkit_response":"","speechkit_retries":"","_speechkit_link":"","_speechkit_text":""},"categories":[51],"tags":[5979,9440,44,9441,529,953,9442,9443,117,91,350,52,9444,891,129],"jetpack_featured_media_url":"","_links":{"self":[{"href":"https:\/\/pinews.com.br\/index.php\/wp-json\/wp\/v2\/posts\/28600"}],"collection":[{"href":"https:\/\/pinews.com.br\/index.php\/wp-json\/wp\/v2\/posts"}],"about":[{"href":"https:\/\/pinews.com.br\/index.php\/wp-json\/wp\/v2\/types\/post"}],"author":[{"embeddable":true,"href":"https:\/\/pinews.com.br\/index.php\/wp-json\/wp\/v2\/users\/1"}],"replies":[{"embeddable":true,"href":"https:\/\/pinews.com.br\/index.php\/wp-json\/wp\/v2\/comments?post=28600"}],"version-history":[{"count":0,"href":"https:\/\/pinews.com.br\/index.php\/wp-json\/wp\/v2\/posts\/28600\/revisions"}],"wp:featuredmedia":[{"embeddable":true,"href":"https:\/\/pinews.com.br\/index.php\/wp-json\/"}],"wp:attachment":[{"href":"https:\/\/pinews.com.br\/index.php\/wp-json\/wp\/v2\/media?parent=28600"}],"wp:term":[{"taxonomy":"category","embeddable":true,"href":"https:\/\/pinews.com.br\/index.php\/wp-json\/wp\/v2\/categories?post=28600"},{"taxonomy":"post_tag","embeddable":true,"href":"https:\/\/pinews.com.br\/index.php\/wp-json\/wp\/v2\/tags?post=28600"}],"curies":[{"name":"wp","href":"https:\/\/api.w.org\/{rel}","templated":true}]}}