{"id":28640,"date":"2021-11-17T18:06:12","date_gmt":"2021-11-17T21:06:12","guid":{"rendered":"https:\/\/pinews.com.br\/?p=28640"},"modified":"2021-11-17T18:06:12","modified_gmt":"2021-11-17T21:06:12","slug":"inss-95-mil-beneficiarios-tem-ate-sexta-para-agendar-pericia-medica","status":"publish","type":"post","link":"https:\/\/pinews.com.br\/index.php\/2021\/11\/17\/inss-95-mil-beneficiarios-tem-ate-sexta-para-agendar-pericia-medica\/","title":{"rendered":"INSS: 95 mil benefici\u00e1rios t\u00eam at\u00e9 sexta para agendar per\u00edcia m\u00e9dica"},"content":{"rendered":"\n<p>Quem recebe benef\u00edcio do Instituto Nacional do Seguro Social (INSS) por estar afastado do trabalho por incapacidade tempor\u00e1ria \u2013 o antigo aux\u00edlio-doen\u00e7a \u2013 deve ficar atento para o agendamento de nova per\u00edcia m\u00e9dica, sob o risco de&nbsp;ter&nbsp;o benef\u00edcio suspenso.<img decoding=\"async\" src=\"https:\/\/agenciabrasil.ebc.com.br\/ebc.png?id=1428007&amp;o=node\"><img decoding=\"async\" src=\"https:\/\/agenciabrasil.ebc.com.br\/ebc.gif?id=1428007&amp;o=node\"><\/p>\n\n\n\n<p>At\u00e9 95 mil benefici\u00e1rios por afastamento tempor\u00e1rio foram convocados por edital no fim de setembro e t\u00eam at\u00e9 a pr\u00f3xima sexta-feira (19) para agendar nova per\u00edcia m\u00e9dica, em que ser\u00e1 avaliado se o benefici\u00e1rio permanece incapaz para o trabalho. O prazo inicial, que ia at\u00e9 11 de novembro, foi prorrogado para o dia 19.<\/p>\n\n\n\n<p>O agendamento pode ser feito por meio do aplicativo Meu INSS ou da central de atendimento 135 (ver abaixo). Se o segurado n\u00e3o agendar a per\u00edcia, o benef\u00edcio ser\u00e1 suspenso e s\u00f3 ser\u00e1 reativado ap\u00f3s novo agendamento. \u201cCaso n\u00e3o ocorra a manifesta\u00e7\u00e3o do cidad\u00e3o, o aux\u00edlio ser\u00e1 cessado definitivamente\u201d, alerta o INSS.<\/p>\n\n\n\n<p>A lista com o nome e o n\u00famero de benef\u00edcio de todos os convocados foi publicada e deve ser conferida no&nbsp;<a href=\"https:\/\/www.in.gov.br\/en\/web\/dou\/-\/edital-de-convocacao-347888278\" target=\"_blank\" rel=\"noreferrer noopener\">Di\u00e1rio Oficial da Uni\u00e3o<\/a>&nbsp;(DOU).&nbsp;<\/p>\n\n\n\n<p>Esse modo de convoca\u00e7\u00e3o \u00e9 utilizado para os casos em que as cartas com o chamamento para nova per\u00edcia foram devolvidas pelos Correios, sem que o benefici\u00e1rio pudesse ser localizado. Isso ocorre devido a mudan\u00e7a de endere\u00e7o sem a respectiva atualiza\u00e7\u00e3o cadastral, por exemplo.<\/p>\n\n\n\n<p>Foi convocado quem recebe o benef\u00edcio por afastamento tempor\u00e1rio h\u00e1 mais de seis meses e que n\u00e3o tem data de cessa\u00e7\u00e3o j\u00e1 estipulada ou indica\u00e7\u00e3o de reabilita\u00e7\u00e3o profissional atrav\u00e9s do Programa de Revis\u00e3o dos Benef\u00edcios por Incapacidade (PRBI).<\/p>\n\n\n\n<p>A revis\u00e3o desse tipo de benef\u00edcio ocorre desde agosto, quando 173 mil benefici\u00e1rios foram convocados por carta. Segundo o instituto, os aposentados por invalidez e pessoas que recebem o amparo assistencial ao deficiente n\u00e3o passam por esta revis\u00e3o.<\/p>\n\n\n\n<p>O INSS destaca que a nova per\u00edcia m\u00e9dica n\u00e3o necessariamente pode resultar na interrup\u00e7\u00e3o do afastamento tempor\u00e1rio. \u00c9 poss\u00edvel que o benef\u00edcio seja mantido, mas que seja marcada uma data de cessa\u00e7\u00e3o futura. Outra possibilidade \u00e9 que o benef\u00edcio se transforme em aposentadoria por invalidez, quando constatada a total impossibilidade de recupera\u00e7\u00e3o.<\/p>\n\n\n\n<h2>Passo a passo<\/h2>\n\n\n\n<p>Todos os convocados devem acessar o Meu INSS, por meio de aplicativo de celular ou pela internet (<em>site&nbsp;<\/em><a href=\"http:\/\/gov.br\/meuinss\">gov.br\/meuinss<\/a>), e seguir os seguintes passos:<\/p>\n\n\n\n<p>1. Fazer&nbsp;<em>login&nbsp;<\/em>no Meu INSS;<\/p>\n\n\n\n<p>2.Clicar em &#8220;Do que voc\u00ea precisa?&#8221;, escrever &#8220;Agendar Per\u00edcia&#8221; e, em seguida, em &#8220;Novo Requerimento&#8221;;<\/p>\n\n\n\n<p>3. Escolher entre &#8220;Per\u00edcia Inicial&#8221;, se for a primeira vez, ou &#8220;Per\u00edcia de Prorroga\u00e7\u00e3o&#8221;, se j\u00e1 estiver em benef\u00edcio.<\/p>\n\n\n\n<p>4. Seguir as orienta\u00e7\u00f5es que aparecem na tela;<\/p>\n\n\n\n<p>5. Informe os dados necess\u00e1rios para concluir o seu pedido.<\/p>\n\n\n\n<p>O agendamento tamb\u00e9m pode ser feito ligando para a Central de Atendimento do INSS pelo n\u00famero 135 e seguir as instru\u00e7\u00f5es. Por esse meio \u00e9 poss\u00edvel tamb\u00e9m atualizar o endere\u00e7o e o telefone do benefici\u00e1rio, se for o caso.<\/p>\n\n\n\n<p><strong>Fonte: Ag\u00eancia Brasil<\/strong><\/p>\n","protected":false},"excerpt":{"rendered":"<p>Quem recebe benef\u00edcio do Instituto Nacional do Seguro Social (INSS) por estar afastado do trabalho por incapacidade tempor\u00e1ria \u2013 o antigo aux\u00edlio-doen\u00e7a \u2013 deve ficar atento para o agendamento de nova per\u00edcia m\u00e9dica, sob o risco de&nbsp;ter&nbsp;o benef\u00edcio suspenso. At\u00e9 95 mil benefici\u00e1rios por afastamento tempor\u00e1rio foram convocados por edital no fim de setembro e [&hellip;]<\/p>\n","protected":false},"author":1,"featured_media":12354,"comment_status":"open","ping_status":"open","sticky":false,"template":"","format":"standard","meta":{"beyondwords_generate_audio":"","beyondwords_project_id":"","beyondwords_podcast_id":"","beyondwords_hash":"","beyondwords_error_message":"","beyondwords_disabled":"","publish_post_to_speechkit":"","speechkit_generate_audio":"","speechkit_project_id":"","speechkit_podcast_id":"","speechkit_hash":"","speechkit_error_message":"","speechkit_disabled":"","speechkit_access_key":"","speechkit_error":"","speechkit_info":"","speechkit_response":"","speechkit_retries":"","_speechkit_link":"","_speechkit_text":""},"categories":[134],"tags":[6858,9448,815,833,1138,5568,109,350,5569,7660,60],"jetpack_featured_media_url":"","_links":{"self":[{"href":"https:\/\/pinews.com.br\/index.php\/wp-json\/wp\/v2\/posts\/28640"}],"collection":[{"href":"https:\/\/pinews.com.br\/index.php\/wp-json\/wp\/v2\/posts"}],"about":[{"href":"https:\/\/pinews.com.br\/index.php\/wp-json\/wp\/v2\/types\/post"}],"author":[{"embeddable":true,"href":"https:\/\/pinews.com.br\/index.php\/wp-json\/wp\/v2\/users\/1"}],"replies":[{"embeddable":true,"href":"https:\/\/pinews.com.br\/index.php\/wp-json\/wp\/v2\/comments?post=28640"}],"version-history":[{"count":0,"href":"https:\/\/pinews.com.br\/index.php\/wp-json\/wp\/v2\/posts\/28640\/revisions"}],"wp:featuredmedia":[{"embeddable":true,"href":"https:\/\/pinews.com.br\/index.php\/wp-json\/"}],"wp:attachment":[{"href":"https:\/\/pinews.com.br\/index.php\/wp-json\/wp\/v2\/media?parent=28640"}],"wp:term":[{"taxonomy":"category","embeddable":true,"href":"https:\/\/pinews.com.br\/index.php\/wp-json\/wp\/v2\/categories?post=28640"},{"taxonomy":"post_tag","embeddable":true,"href":"https:\/\/pinews.com.br\/index.php\/wp-json\/wp\/v2\/tags?post=28640"}],"curies":[{"name":"wp","href":"https:\/\/api.w.org\/{rel}","templated":true}]}}