{"id":28676,"date":"2021-11-18T19:19:12","date_gmt":"2021-11-18T22:19:12","guid":{"rendered":"https:\/\/pinews.com.br\/?p=28676"},"modified":"2021-11-18T19:19:12","modified_gmt":"2021-11-18T22:19:12","slug":"arvore-de-15-metros-de-altura-cai-e-mata-motociclista-no-piaui","status":"publish","type":"post","link":"https:\/\/pinews.com.br\/index.php\/2021\/11\/18\/arvore-de-15-metros-de-altura-cai-e-mata-motociclista-no-piaui\/","title":{"rendered":"\u00c1rvore de 15 metros de altura cai e mata motociclista no Piau\u00ed"},"content":{"rendered":"\n<p>Um pintor identificado como Diogo Denis Ferreira, 39 anos, foi v\u00edtima de uma fatalidade nesta quinta-feira (18). Segundo o tenente-coronel Cleber Bezerra, comandante do 5\u00ba BPM, ele trafegava de moto na estrada do povoado Soinho, zona Rural de Teresina, quando foi atingido por uma \u00e1rvore de 15 metros de altura e teve morte imediata.&nbsp;<\/p>\n\n\n\n<p>O acidente ocorreu por volta de 12h40, pr\u00f3ximo ao antigo posto de sa\u00fade da comunidade.&nbsp;<\/p>\n\n\n\n<p>&#8220;H\u00e1 dois dias n\u00e3o chove na cidade. Acredito que a \u00e1rvore j\u00e1 estava apodrecida. Realmente foi uma fatalidade! a v\u00edtima era um trabalhador e infelizmente ocorreu isso&#8221;, disse o comandante do 5\u00ba BPM que informou ainda que um irm\u00e3o da v\u00edtima esteve no local.<\/p>\n\n\n\n<p>Diogo Denis morava Parque Universit\u00e1rio, na zona Leste da Capital.&nbsp;<\/p>\n\n\n\n<p>Al\u00e9m da PM, equipes do Instituto M\u00e9dico legal, Instituto de Criminal\u00edstica e Corpo de Bombeiros providenciaram a remo\u00e7\u00e3o do corpo.&nbsp;<\/p>\n\n\n\n<figure class=\"wp-block-image\"><img decoding=\"async\" src=\"https:\/\/cidadeverde.com\/assets\/uploads\/noticias\/f2cf7c7ee0dd4ac617add9e32b94cc20.jpg\" alt=\"\"\/><figcaption>Foto: divulga\u00e7\u00e3o PM-PI<\/figcaption><\/figure>\n\n\n\n<p><br><strong>Fonte: Graciane Sousa\/ Cidade Verde<\/strong><\/p>\n","protected":false},"excerpt":{"rendered":"<p>Um pintor identificado como Diogo Denis Ferreira, 39 anos, foi v\u00edtima de uma fatalidade nesta quinta-feira (18). Segundo o tenente-coronel Cleber Bezerra, comandante do 5\u00ba BPM, ele trafegava de moto na estrada do povoado Soinho, zona Rural de Teresina, quando foi atingido por uma \u00e1rvore de 15 metros de altura e teve morte imediata.&nbsp; O [&hellip;]<\/p>\n","protected":false},"author":1,"featured_media":28677,"comment_status":"open","ping_status":"open","sticky":false,"template":"","format":"standard","meta":{"beyondwords_generate_audio":"","beyondwords_project_id":"","beyondwords_podcast_id":"","beyondwords_hash":"","beyondwords_error_message":"","beyondwords_disabled":"","publish_post_to_speechkit":"","speechkit_generate_audio":"","speechkit_project_id":"","speechkit_podcast_id":"","speechkit_hash":"","speechkit_error_message":"","speechkit_disabled":"","speechkit_access_key":"","speechkit_error":"","speechkit_info":"","speechkit_response":"","speechkit_retries":"","_speechkit_link":"","_speechkit_text":""},"categories":[51,81],"tags":[180,7554,441,738,44,49,322,296,52],"jetpack_featured_media_url":"","_links":{"self":[{"href":"https:\/\/pinews.com.br\/index.php\/wp-json\/wp\/v2\/posts\/28676"}],"collection":[{"href":"https:\/\/pinews.com.br\/index.php\/wp-json\/wp\/v2\/posts"}],"about":[{"href":"https:\/\/pinews.com.br\/index.php\/wp-json\/wp\/v2\/types\/post"}],"author":[{"embeddable":true,"href":"https:\/\/pinews.com.br\/index.php\/wp-json\/wp\/v2\/users\/1"}],"replies":[{"embeddable":true,"href":"https:\/\/pinews.com.br\/index.php\/wp-json\/wp\/v2\/comments?post=28676"}],"version-history":[{"count":0,"href":"https:\/\/pinews.com.br\/index.php\/wp-json\/wp\/v2\/posts\/28676\/revisions"}],"wp:featuredmedia":[{"embeddable":true,"href":"https:\/\/pinews.com.br\/index.php\/wp-json\/"}],"wp:attachment":[{"href":"https:\/\/pinews.com.br\/index.php\/wp-json\/wp\/v2\/media?parent=28676"}],"wp:term":[{"taxonomy":"category","embeddable":true,"href":"https:\/\/pinews.com.br\/index.php\/wp-json\/wp\/v2\/categories?post=28676"},{"taxonomy":"post_tag","embeddable":true,"href":"https:\/\/pinews.com.br\/index.php\/wp-json\/wp\/v2\/tags?post=28676"}],"curies":[{"name":"wp","href":"https:\/\/api.w.org\/{rel}","templated":true}]}}