{"id":28711,"date":"2021-11-20T10:32:10","date_gmt":"2021-11-20T13:32:10","guid":{"rendered":"https:\/\/pinews.com.br\/?p=28711"},"modified":"2021-11-20T10:32:10","modified_gmt":"2021-11-20T13:32:10","slug":"mecanico-morre-ao-ser-atingido-por-helice-de-aeronave-no-aeroporto-de-teresina","status":"publish","type":"post","link":"https:\/\/pinews.com.br\/index.php\/2021\/11\/20\/mecanico-morre-ao-ser-atingido-por-helice-de-aeronave-no-aeroporto-de-teresina\/","title":{"rendered":"Mec\u00e2nico morre ao ser atingido por h\u00e9lice de aeronave no Aeroporto de Teresina"},"content":{"rendered":"\n<p>Um mec\u00e2nico morreu ao ser atingido pela h\u00e9lice de uma aeronave no Aeroporto Senador Petr\u00f4nio Portella, em Teresina. O caso ocorreu por volta das 18h20 desta sexta-feira (19).<\/p>\n\n\n\n<p>Uma funcion\u00e1ria, que preferiu n\u00e3o se identificar, informou ao&nbsp;<a href=\"https:\/\/g1.globo.com\/pi\/piaui\/\">g1<\/a>&nbsp;que o corte no bra\u00e7o do mec\u00e2nico foi grave, por\u00e9m ele n\u00e3o chegou a decepar o membro. O funcion\u00e1rio estava fazendo a manuten\u00e7\u00e3o de uma aeronave de pequeno porte no hangar, quando sofreu o acidente.<\/p>\n\n\n\n<p>Ele foi socorrido pelo Corpo de Bombeiros e o Servi\u00e7o de Atendimento M\u00f3vel de Urg\u00eancia (Samu), e encaminhado para o Hospital de Urg\u00eancia de Teresina, mas morreu durante o atendimento.<\/p>\n\n\n\n<p>&#8220;N\u00f3s deslocamos uma equipe para o local, mas devido \u00e0 gravidade da ocorr\u00eancia acionamos o Samu. A h\u00e9lice atingiu o ombro do mec\u00e2nico e a recomenda\u00e7\u00e3o era para semiamputa\u00e7\u00e3o do bra\u00e7o. Ele saiu do local intubado, mas veio a \u00f3bito no hospital&#8221;, informou.<\/p>\n\n\n\n<p>O g1 entrou em contato com a Top Line T\u00e1xi A\u00e9reo, respons\u00e1vel pela aeronave, mas a empresa n\u00e3o quis comentar sobre o acidente.<\/p>\n\n\n\n<p><strong>Fonte: G1 PI<\/strong><\/p>\n","protected":false},"excerpt":{"rendered":"<p>Um mec\u00e2nico morreu ao ser atingido pela h\u00e9lice de uma aeronave no Aeroporto Senador Petr\u00f4nio Portella, em Teresina. O caso ocorreu por volta das 18h20 desta sexta-feira (19). Uma funcion\u00e1ria, que preferiu n\u00e3o se identificar, informou ao&nbsp;g1&nbsp;que o corte no bra\u00e7o do mec\u00e2nico foi grave, por\u00e9m ele n\u00e3o chegou a decepar o membro. O funcion\u00e1rio [&hellip;]<\/p>\n","protected":false},"author":1,"featured_media":28712,"comment_status":"open","ping_status":"open","sticky":false,"template":"","format":"standard","meta":{"beyondwords_generate_audio":"","beyondwords_project_id":"","beyondwords_podcast_id":"","beyondwords_hash":"","beyondwords_error_message":"","beyondwords_disabled":"","publish_post_to_speechkit":"","speechkit_generate_audio":"","speechkit_project_id":"","speechkit_podcast_id":"","speechkit_hash":"","speechkit_error_message":"","speechkit_disabled":"","speechkit_access_key":"","speechkit_error":"","speechkit_info":"","speechkit_response":"","speechkit_retries":"","_speechkit_link":"","_speechkit_text":""},"categories":[51,81],"tags":[9049,2292,132,327,44,9464,6938,119,59,139,187],"jetpack_featured_media_url":"","_links":{"self":[{"href":"https:\/\/pinews.com.br\/index.php\/wp-json\/wp\/v2\/posts\/28711"}],"collection":[{"href":"https:\/\/pinews.com.br\/index.php\/wp-json\/wp\/v2\/posts"}],"about":[{"href":"https:\/\/pinews.com.br\/index.php\/wp-json\/wp\/v2\/types\/post"}],"author":[{"embeddable":true,"href":"https:\/\/pinews.com.br\/index.php\/wp-json\/wp\/v2\/users\/1"}],"replies":[{"embeddable":true,"href":"https:\/\/pinews.com.br\/index.php\/wp-json\/wp\/v2\/comments?post=28711"}],"version-history":[{"count":0,"href":"https:\/\/pinews.com.br\/index.php\/wp-json\/wp\/v2\/posts\/28711\/revisions"}],"wp:featuredmedia":[{"embeddable":true,"href":"https:\/\/pinews.com.br\/index.php\/wp-json\/"}],"wp:attachment":[{"href":"https:\/\/pinews.com.br\/index.php\/wp-json\/wp\/v2\/media?parent=28711"}],"wp:term":[{"taxonomy":"category","embeddable":true,"href":"https:\/\/pinews.com.br\/index.php\/wp-json\/wp\/v2\/categories?post=28711"},{"taxonomy":"post_tag","embeddable":true,"href":"https:\/\/pinews.com.br\/index.php\/wp-json\/wp\/v2\/tags?post=28711"}],"curies":[{"name":"wp","href":"https:\/\/api.w.org\/{rel}","templated":true}]}}