{"id":28762,"date":"2021-11-22T10:44:13","date_gmt":"2021-11-22T13:44:13","guid":{"rendered":"https:\/\/pinews.com.br\/?p=28762"},"modified":"2021-11-22T10:44:13","modified_gmt":"2021-11-22T13:44:13","slug":"bolsonaro-sanciona-projeto-do-vale-gas-para-familias-de-baixa-renda","status":"publish","type":"post","link":"https:\/\/pinews.com.br\/index.php\/2021\/11\/22\/bolsonaro-sanciona-projeto-do-vale-gas-para-familias-de-baixa-renda\/","title":{"rendered":"Bolsonaro sanciona projeto do vale-g\u00e1s para fam\u00edlias de baixa renda"},"content":{"rendered":"\n<p>O presidente Jair Bolsonaro sancionou o projeto que cria o vale-g\u00e1s para fam\u00edlias de baixa renda. A san\u00e7\u00e3o foi publicada na edi\u00e7\u00e3o desta segunda-feira (22) do &#8220;Di\u00e1rio Oficial da Uni\u00e3o&#8221;.<\/p>\n\n\n\n<p>O texto, de autoria do deputado Carlos Zaratini (PT-SP), foi aprovado pelo Congresso em outubro e, para virar lei, aguardava a san\u00e7\u00e3o do presidente.<\/p>\n\n\n\n<p>O texto estabelece que as fam\u00edlias benefici\u00e1rias recebam, a cada dois meses, o valor correspondente a pelo menos 50% do pre\u00e7o m\u00e9dio nacional de revenda do botij\u00e3o de 13 kg. O programa, segundo o texto, ter\u00e1 dura\u00e7\u00e3o de 5 anos.<\/p>\n\n\n\n<p>O aux\u00edlio ser\u00e1 pago, preferencialmente, \u00e0 mulher respons\u00e1vel pela fam\u00edlia.<\/p>\n\n\n\n<h2>Benefici\u00e1rios<\/h2>\n\n\n\n<p>Ter\u00e3o direito ao benef\u00edcio:<\/p>\n\n\n\n<ul><li>fam\u00edlias inscritas no Cadastro \u00danico para Programas Sociais do Governo Federal (Cad\u00danico), com renda familiar mensal per capita menor ou igual a meio sal\u00e1rio m\u00ednimo nacional; ou<\/li><li>fam\u00edlias que tenham entre os integrantes residentes no mesmo endere\u00e7o quem receba o Benef\u00edcio de Presta\u00e7\u00e3o Continuada (BPC).<\/li><\/ul>\n\n\n\n<h2>Pagamentos<\/h2>\n\n\n\n<p>O governo vai utilizar a estrutura do programa social Aux\u00edlio Brasil, que sucedeu o Bolsa Fam\u00edlia, para operacionalizar os pagamentos.<\/p>\n\n\n\n<p>A lei aprovada n\u00e3o fala em uma data de quando o benef\u00edcio come\u00e7ar\u00e1 a ser pago.<\/p>\n\n\n\n<p><strong>Fonte: G1 <\/strong><\/p>\n","protected":false},"excerpt":{"rendered":"<p>O presidente Jair Bolsonaro sancionou o projeto que cria o vale-g\u00e1s para fam\u00edlias de baixa renda. A san\u00e7\u00e3o foi publicada na edi\u00e7\u00e3o desta segunda-feira (22) do &#8220;Di\u00e1rio Oficial da Uni\u00e3o&#8221;. O texto, de autoria do deputado Carlos Zaratini (PT-SP), foi aprovado pelo Congresso em outubro e, para virar lei, aguardava a san\u00e7\u00e3o do presidente. O [&hellip;]<\/p>\n","protected":false},"author":1,"featured_media":28763,"comment_status":"open","ping_status":"open","sticky":false,"template":"","format":"standard","meta":{"beyondwords_generate_audio":"","beyondwords_project_id":"","beyondwords_podcast_id":"","beyondwords_hash":"","beyondwords_error_message":"","beyondwords_disabled":"","publish_post_to_speechkit":"","speechkit_generate_audio":"","speechkit_project_id":"","speechkit_podcast_id":"","speechkit_hash":"","speechkit_error_message":"","speechkit_disabled":"","speechkit_access_key":"","speechkit_error":"","speechkit_info":"","speechkit_response":"","speechkit_retries":"","_speechkit_link":"","_speechkit_text":""},"categories":[134],"tags":[1027,1202,44,953,350,1030,1031,7740,9480],"jetpack_featured_media_url":"","_links":{"self":[{"href":"https:\/\/pinews.com.br\/index.php\/wp-json\/wp\/v2\/posts\/28762"}],"collection":[{"href":"https:\/\/pinews.com.br\/index.php\/wp-json\/wp\/v2\/posts"}],"about":[{"href":"https:\/\/pinews.com.br\/index.php\/wp-json\/wp\/v2\/types\/post"}],"author":[{"embeddable":true,"href":"https:\/\/pinews.com.br\/index.php\/wp-json\/wp\/v2\/users\/1"}],"replies":[{"embeddable":true,"href":"https:\/\/pinews.com.br\/index.php\/wp-json\/wp\/v2\/comments?post=28762"}],"version-history":[{"count":0,"href":"https:\/\/pinews.com.br\/index.php\/wp-json\/wp\/v2\/posts\/28762\/revisions"}],"wp:featuredmedia":[{"embeddable":true,"href":"https:\/\/pinews.com.br\/index.php\/wp-json\/"}],"wp:attachment":[{"href":"https:\/\/pinews.com.br\/index.php\/wp-json\/wp\/v2\/media?parent=28762"}],"wp:term":[{"taxonomy":"category","embeddable":true,"href":"https:\/\/pinews.com.br\/index.php\/wp-json\/wp\/v2\/categories?post=28762"},{"taxonomy":"post_tag","embeddable":true,"href":"https:\/\/pinews.com.br\/index.php\/wp-json\/wp\/v2\/tags?post=28762"}],"curies":[{"name":"wp","href":"https:\/\/api.w.org\/{rel}","templated":true}]}}