{"id":28796,"date":"2021-11-23T11:09:25","date_gmt":"2021-11-23T14:09:25","guid":{"rendered":"https:\/\/pinews.com.br\/?p=28796"},"modified":"2021-11-23T11:09:25","modified_gmt":"2021-11-23T14:09:25","slug":"calcada-desaba-durante-desfile-em-joinville-e-ao-menos-30-pessoas-caem-em-rio","status":"publish","type":"post","link":"https:\/\/pinews.com.br\/index.php\/2021\/11\/23\/calcada-desaba-durante-desfile-em-joinville-e-ao-menos-30-pessoas-caem-em-rio\/","title":{"rendered":"Cal\u00e7ada desaba durante desfile em Joinville e ao menos 30 pessoas caem em rio"},"content":{"rendered":"\n<p>Durante a abertura da festa de Natal, na noite desta segunda-feira (22), em Joinville, no norte de Santa Catarina, parte da estrutura da cal\u00e7ada que fica na avenida Beira Rio cedeu e v\u00e1rias pessoas que acompanhavam a cerim\u00f4nia de abertura ca\u00edram no rio.<\/p>\n\n\n\n<p>Segundo a Prefeitura de Joinville, no total 33 v\u00edtimas se acidentaram. Todas foram resgatadas pelos bombeiros e est\u00e3o fora de perigo.<\/p>\n\n\n\n<p><br>Ao todo, 21 adultos e 12 crian\u00e7as foram encaminhadas para o Hospital Municipal S\u00e3o Jos\u00e9 e para o Hospital Infantil Dr. Jeser Amarante Faria. Nenhum paciente teve ferimentos graves e o quadro de todos foi considerado est\u00e1vel.<\/p>\n\n\n\n<p>O resgate foi conduzido pelos Bombeiros Volunt\u00e1rios de Joinville, Pol\u00edcia Militar, SAMU e Defesa Civil municipal e estadual. Tamb\u00e9m atuaram no suporte ambul\u00e2ncias de empresas privadas.<\/p>\n\n\n\n<p><br>A cerim\u00f4nia foi interrompida por cerca de 40 minutos, per\u00edodo em que o atendimento foi prestado \u00e0s v\u00edtimas.<\/p>\n\n\n\n<p>\u201cA cerim\u00f4nia somente foi retomada ap\u00f3s todas as v\u00edtimas serem atendidas e a prefeitura receber a informa\u00e7\u00e3o que n\u00e3o havia nenhuma pessoa em estado grave\u201d, afirmou a prefeitura.<\/p>\n\n\n\n<p>V\u00edtimas<br>Ao todo, 22 pacientes foram encaminhados ao Hospital S\u00e3o Jos\u00e9. Dez homens com idades de 15, 22, 29 (tr\u00eas v\u00edtimas), 31, 39, 46, 58 e 67 anos. E onze mulheres com idades de 18, 22 (duas v\u00edtimas), 27 (duas v\u00edtimas), 29, 38, 43, 44, 51 e 70 anos, al\u00e9m de uma menina de 9 anos. Todos estes pacientes receberam alta m\u00e9dica ainda na noite de segunda-feira.<\/p>\n\n\n\n<p>Outros onze pacientes foram encaminhados para o Hospital Infantil Dr. Jeser Amarante Faria. S\u00e3o seis meninas com idades de 2, 3, 4 (duas v\u00edtimas), 6 e 9 anos e cinco meninos com idade de 1, 3 (duas v\u00edtimas), 6 e 11 anos. O estado de sa\u00fade de todos os pacientes \u00e9 considerado est\u00e1vel. As informa\u00e7\u00f5es s\u00e3o da prefeitura de Joinville.<\/p>\n\n\n\n<p>O prefeito Adriano Silva, que acompanhou o trabalho das equipes envolvidas, convocou uma reuni\u00e3o para o in\u00edcio da manh\u00e3 de ter\u00e7a-feira, com gestores de diversas secretarias para determinar as pr\u00f3ximas a\u00e7\u00f5es.<\/p>\n\n\n\n<p>&#8220;Agradecemos por n\u00e3o ter nenhuma pessoa em estado grave e tamb\u00e9m pelo pronto-atendimento que foi prestado para todas as v\u00edtimas,\u201d afirmou o prefeito.<\/p>\n\n\n\n<figure class=\"wp-block-embed-youtube wp-block-embed is-type-video is-provider-youtube wp-embed-aspect-16-9 wp-has-aspect-ratio\"><div class=\"wp-block-embed__wrapper\">\n<iframe loading=\"lazy\" title=\"Cal\u00e7ada cede e cerca de 30 pessoas caem em rio | AGORA CNN\" width=\"1170\" height=\"658\" src=\"https:\/\/www.youtube.com\/embed\/evMe7QbNRHE?feature=oembed\" frameborder=\"0\" allow=\"accelerometer; autoplay; clipboard-write; encrypted-media; gyroscope; picture-in-picture; web-share\" allowfullscreen><\/iframe>\n<\/div><\/figure>\n\n\n\n<p><strong>Fonte: CNN Brasil<\/strong><\/p>\n","protected":false},"excerpt":{"rendered":"<p>Durante a abertura da festa de Natal, na noite desta segunda-feira (22), em Joinville, no norte de Santa Catarina, parte da estrutura da cal\u00e7ada que fica na avenida Beira Rio cedeu e v\u00e1rias pessoas que acompanhavam a cerim\u00f4nia de abertura ca\u00edram no rio. Segundo a Prefeitura de Joinville, no total 33 v\u00edtimas se acidentaram. Todas [&hellip;]<\/p>\n","protected":false},"author":1,"featured_media":28797,"comment_status":"open","ping_status":"open","sticky":false,"template":"","format":"standard","meta":{"beyondwords_generate_audio":"","beyondwords_project_id":"","beyondwords_podcast_id":"","beyondwords_hash":"","beyondwords_error_message":"","beyondwords_disabled":"","publish_post_to_speechkit":"","speechkit_generate_audio":"","speechkit_project_id":"","speechkit_podcast_id":"","speechkit_hash":"","speechkit_error_message":"","speechkit_disabled":"","speechkit_access_key":"","speechkit_error":"","speechkit_info":"","speechkit_response":"","speechkit_retries":"","_speechkit_link":"","_speechkit_text":""},"categories":[134],"tags":[780,132,1653,469,1654,9044,45,46,9491,492,259,407],"jetpack_featured_media_url":"","_links":{"self":[{"href":"https:\/\/pinews.com.br\/index.php\/wp-json\/wp\/v2\/posts\/28796"}],"collection":[{"href":"https:\/\/pinews.com.br\/index.php\/wp-json\/wp\/v2\/posts"}],"about":[{"href":"https:\/\/pinews.com.br\/index.php\/wp-json\/wp\/v2\/types\/post"}],"author":[{"embeddable":true,"href":"https:\/\/pinews.com.br\/index.php\/wp-json\/wp\/v2\/users\/1"}],"replies":[{"embeddable":true,"href":"https:\/\/pinews.com.br\/index.php\/wp-json\/wp\/v2\/comments?post=28796"}],"version-history":[{"count":0,"href":"https:\/\/pinews.com.br\/index.php\/wp-json\/wp\/v2\/posts\/28796\/revisions"}],"wp:featuredmedia":[{"embeddable":true,"href":"https:\/\/pinews.com.br\/index.php\/wp-json\/"}],"wp:attachment":[{"href":"https:\/\/pinews.com.br\/index.php\/wp-json\/wp\/v2\/media?parent=28796"}],"wp:term":[{"taxonomy":"category","embeddable":true,"href":"https:\/\/pinews.com.br\/index.php\/wp-json\/wp\/v2\/categories?post=28796"},{"taxonomy":"post_tag","embeddable":true,"href":"https:\/\/pinews.com.br\/index.php\/wp-json\/wp\/v2\/tags?post=28796"}],"curies":[{"name":"wp","href":"https:\/\/api.w.org\/{rel}","templated":true}]}}