{"id":28845,"date":"2021-11-24T10:53:24","date_gmt":"2021-11-24T13:53:24","guid":{"rendered":"https:\/\/pinews.com.br\/?p=28845"},"modified":"2021-11-24T10:53:24","modified_gmt":"2021-11-24T13:53:24","slug":"taxa-de-positividade-para-covid-volta-a-subir-no-piaui","status":"publish","type":"post","link":"https:\/\/pinews.com.br\/index.php\/2021\/11\/24\/taxa-de-positividade-para-covid-volta-a-subir-no-piaui\/","title":{"rendered":"Taxa de positividade para Covid volta a subir no Piau\u00ed"},"content":{"rendered":"\n<p>A taxa de positividade para Covid-19 no Piau\u00ed, medida pelo exame RT-PCR, aumentou 17% e encontra-se hoje no perigoso \u00edndice de 25%. Foi a terceira semana epidemiol\u00f3gica consecutiva com registro de crescimento. &nbsp;A Organiza\u00e7\u00e3o Mundial de Sa\u00fade estabelece que o controle da doen\u00e7a se d\u00e1 com uma taxa de 5%. Ainda segundo a OMS, no atual contexto da vacina\u00e7\u00e3o, com parte da popula\u00e7\u00e3o j\u00e1 imunizada, essa taxa representa o principal indicador de acompanhamento da pandemia.<\/p>\n\n\n\n<figure class=\"wp-block-image\"><img decoding=\"async\" src=\"https:\/\/cidadeverde.com\/assets\/uploads\/posts\/tx_positividade.jpg\" alt=\"\"\/><\/figure>\n\n\n\n<p>Esses n\u00fameros se traduzem na eleva\u00e7\u00e3o do n\u00famero de pacientes internados por Covid. Os dados levantados pela Sala de Situa\u00e7\u00e3o UFPI-Fiocruz mostram que o \u00edndice de ocupa\u00e7\u00e3o de leitos de UTI j\u00e1 chegou a 100% na regi\u00e3o do Vale do Canind\u00e9; 90% no Vale do Rio Guaribas; e 80% no territ\u00f3rio de Cocais. Teresina est\u00e1 compreendida em uma regi\u00e3o com taxa de ocupa\u00e7\u00e3o que varia de 50% a 75%.<\/p>\n\n\n\n<p>A situa\u00e7\u00e3o, portanto, exige um olhar vigilante e a manuten\u00e7\u00e3o rigorosa de todas as formas de controle da doen\u00e7a j\u00e1 conhecidas at\u00e9 aqui, como a vacina\u00e7\u00e3o completa com as duas doses ou dose \u00fanica, uso de m\u00e1scara obrigat\u00f3rio e distanciamento social. A proximidade do fim de ano leva a uma preocupa\u00e7\u00e3o adicional por causa das festas realizadas neste per\u00edodo.<\/p>\n\n\n\n<p>\u00c9 bom olhar para o que est\u00e1 acontecendo na Europa, a exemplo da \u00c1ustria, Alemanha e It\u00e1lia. Na \u00c1ustria, o governo voltou a decretar lockdown completo por dez dias para tentar conter a nova onda da doen\u00e7a. As autoridades alem\u00e3s est\u00e3o assustadas com o crescimento de novos casos e, tamb\u00e9m, j\u00e1 estudam medidas para conter a expans\u00e3o do novo coronav\u00edrus. Quem tem ju\u00edzo coloca as barbas de molho para n\u00e3o repetir aqui o problema vivido no continente europeu.<\/p>\n\n\n\n<figure class=\"wp-block-image\"><img decoding=\"async\" src=\"https:\/\/cidadeverde.com\/assets\/uploads\/posts\/mapas.jpg\" alt=\"\"\/><\/figure>\n\n\n\n<p><strong>Fonte: Cidade Verde<\/strong><a class=\"\" rel=\"noreferrer noopener\" href=\"http:\/\/www.facebook.com\/\" target=\"_blank\"><\/a><a rel=\"noreferrer noopener\" href=\"https:\/\/twitter.com\/share?url=https%3A%2F%2Fcidadeverde.com%2Fclaudiabrandao%2F116264%2Ftaxa-de-positividade-para-covid-volta-a-subir-no-piaui%3Futm_source%3Dtwitter%26utm_medium%3Dshare-bar-desktop%26utm_campaign%3Dshare-bar&amp;text=Taxa%20de%20positividade%20para%20Covid%20volta%20a%20subir%20no%20Piau%C3%AD%20%23cidadeverde\" target=\"_blank\"><\/a><a class=\"\" rel=\"noreferrer noopener\" href=\"\/\/send?text=Taxa%20de%20positividade%20para%20Covid%20volta%20a%20subir%20no%20Piau%C3%AD%20https%3A%2F%2Fcidadeverde.com%2Fclaudiabrandao%2F116264%2Ftaxa-de-positividade-para-covid-volta-a-subir-no-piaui%3Futm_source%3Dwhatsapp%26utm_medium%3Dshare-bar-desktop%26utm_campaign%3Dshare-bar\" target=\"_blank\"><\/a><a class=\"\" rel=\"noreferrer noopener\" href=\"https:\/\/telegram.me\/share\/url?url=https%3A%2F%2Fcidadeverde.com%2Fclaudiabrandao%2F116264%2Ftaxa-de-positividade-para-covid-volta-a-subir-no-piaui%3Futm_source%3Dtelegram%26utm_medium%3Dshare-bar-desktop%26utm_campaign%3Dshare-bar&amp;text=Taxa%20de%20positividade%20para%20Covid%20volta%20a%20subir%20no%20Piau%C3%AD\" target=\"_blank\"><\/a><\/p>\n","protected":false},"excerpt":{"rendered":"<p>A taxa de positividade para Covid-19 no Piau\u00ed, medida pelo exame RT-PCR, aumentou 17% e encontra-se hoje no perigoso \u00edndice de 25%. Foi a terceira semana epidemiol\u00f3gica consecutiva com registro de crescimento. &nbsp;A Organiza\u00e7\u00e3o Mundial de Sa\u00fade estabelece que o controle da doen\u00e7a se d\u00e1 com uma taxa de 5%. Ainda segundo a OMS, no [&hellip;]<\/p>\n","protected":false},"author":1,"featured_media":28846,"comment_status":"open","ping_status":"open","sticky":false,"template":"","format":"standard","meta":{"beyondwords_generate_audio":"","beyondwords_project_id":"","beyondwords_podcast_id":"","beyondwords_hash":"","beyondwords_error_message":"","beyondwords_disabled":"","publish_post_to_speechkit":"","speechkit_generate_audio":"","speechkit_project_id":"","speechkit_podcast_id":"","speechkit_hash":"","speechkit_error_message":"","speechkit_disabled":"","speechkit_access_key":"","speechkit_error":"","speechkit_info":"","speechkit_response":"","speechkit_retries":"","_speechkit_link":"","_speechkit_text":""},"categories":[51,1288],"tags":[2406,44,350,52,9497,6258,7943,3342],"jetpack_featured_media_url":"","_links":{"self":[{"href":"https:\/\/pinews.com.br\/index.php\/wp-json\/wp\/v2\/posts\/28845"}],"collection":[{"href":"https:\/\/pinews.com.br\/index.php\/wp-json\/wp\/v2\/posts"}],"about":[{"href":"https:\/\/pinews.com.br\/index.php\/wp-json\/wp\/v2\/types\/post"}],"author":[{"embeddable":true,"href":"https:\/\/pinews.com.br\/index.php\/wp-json\/wp\/v2\/users\/1"}],"replies":[{"embeddable":true,"href":"https:\/\/pinews.com.br\/index.php\/wp-json\/wp\/v2\/comments?post=28845"}],"version-history":[{"count":0,"href":"https:\/\/pinews.com.br\/index.php\/wp-json\/wp\/v2\/posts\/28845\/revisions"}],"wp:featuredmedia":[{"embeddable":true,"href":"https:\/\/pinews.com.br\/index.php\/wp-json\/"}],"wp:attachment":[{"href":"https:\/\/pinews.com.br\/index.php\/wp-json\/wp\/v2\/media?parent=28845"}],"wp:term":[{"taxonomy":"category","embeddable":true,"href":"https:\/\/pinews.com.br\/index.php\/wp-json\/wp\/v2\/categories?post=28845"},{"taxonomy":"post_tag","embeddable":true,"href":"https:\/\/pinews.com.br\/index.php\/wp-json\/wp\/v2\/tags?post=28845"}],"curies":[{"name":"wp","href":"https:\/\/api.w.org\/{rel}","templated":true}]}}