{"id":28848,"date":"2021-11-24T10:56:14","date_gmt":"2021-11-24T13:56:14","guid":{"rendered":"https:\/\/pinews.com.br\/?p=28848"},"modified":"2021-11-24T10:56:14","modified_gmt":"2021-11-24T13:56:14","slug":"professor-perde-controle-de-veiculo-e-derruba-poste-durante-acidente-em-estrada-no-piaui","status":"publish","type":"post","link":"https:\/\/pinews.com.br\/index.php\/2021\/11\/24\/professor-perde-controle-de-veiculo-e-derruba-poste-durante-acidente-em-estrada-no-piaui\/","title":{"rendered":"Professor perde controle de ve\u00edculo e derruba poste durante acidente em estrada no Piau\u00ed"},"content":{"rendered":"\n<p>Um motorista identificado como Ant\u00f4nio Leoncio de Carvalho Resende, 45 anos, ficou com ferimentos leves ap\u00f3s se envolveu em um acidente na estrada pr\u00f3ximo ao munic\u00edpio de Boa Hora (PI) nesta ter\u00e7a-feira (23\/11).<\/p>\n\n\n\n<p>Segundo informa\u00e7\u00f5es obtidas pelo EmFoco com a Pol\u00edcia Militar, o homem&nbsp;que \u00e9 professor natural da cidade de Barras (PI),&nbsp;conduzia um ve\u00edculo modelo Volkswagen Up!, quando vinha de Piripiri, pela PI-111 e acabou perdendo&nbsp;o controle do ve\u00edculo no entroncamento com a PI-113, que vai para a cidade de Barras.<\/p>\n\n\n\n<p>Com o impacto o motorista colidiu em um poste, descendo barranco abaixo, parando no quintal de uma resid\u00eancia localizada nas margens da estrada. O professor foi socorrido por uma amiga que vinha logo atr\u00e1s em outro carro. Ela retirou a v\u00edtima do ve\u00edculo e levou para o Hospital de Barras.<\/p>\n\n\n\n<p>Segundo a Pol\u00edcia, o professor estava sozinho no carro e n\u00e3o apresentou nenhum sinal de embriaguez. Os populares que se encontravam nas proximidades, acionaram a Pol\u00edcia Militar e a Ambul\u00e2ncia para realizarem os procedimentos cab\u00edveis. O reboque tamb\u00e9m foi acionado para retirar o ve\u00edculo do local.<\/p>\n\n\n\n<p><strong>Fonte: 180graus | Com informa\u00e7\u00f5es do Campo Maior em Foco<\/strong><\/p>\n","protected":false},"excerpt":{"rendered":"<p>Um motorista identificado como Ant\u00f4nio Leoncio de Carvalho Resende, 45 anos, ficou com ferimentos leves ap\u00f3s se envolveu em um acidente na estrada pr\u00f3ximo ao munic\u00edpio de Boa Hora (PI) nesta ter\u00e7a-feira (23\/11). Segundo informa\u00e7\u00f5es obtidas pelo EmFoco com a Pol\u00edcia Militar, o homem&nbsp;que \u00e9 professor natural da cidade de Barras (PI),&nbsp;conduzia um ve\u00edculo modelo [&hellip;]<\/p>\n","protected":false},"author":1,"featured_media":28849,"comment_status":"open","ping_status":"open","sticky":false,"template":"","format":"standard","meta":{"beyondwords_generate_audio":"","beyondwords_project_id":"","beyondwords_podcast_id":"","beyondwords_hash":"","beyondwords_error_message":"","beyondwords_disabled":"","publish_post_to_speechkit":"","speechkit_generate_audio":"","speechkit_project_id":"","speechkit_podcast_id":"","speechkit_hash":"","speechkit_error_message":"","speechkit_disabled":"","speechkit_access_key":"","speechkit_error":"","speechkit_info":"","speechkit_response":"","speechkit_retries":"","_speechkit_link":"","_speechkit_text":""},"categories":[51],"tags":[176,730,44,151,45,46,366,731,52,567,380,158],"jetpack_featured_media_url":"","_links":{"self":[{"href":"https:\/\/pinews.com.br\/index.php\/wp-json\/wp\/v2\/posts\/28848"}],"collection":[{"href":"https:\/\/pinews.com.br\/index.php\/wp-json\/wp\/v2\/posts"}],"about":[{"href":"https:\/\/pinews.com.br\/index.php\/wp-json\/wp\/v2\/types\/post"}],"author":[{"embeddable":true,"href":"https:\/\/pinews.com.br\/index.php\/wp-json\/wp\/v2\/users\/1"}],"replies":[{"embeddable":true,"href":"https:\/\/pinews.com.br\/index.php\/wp-json\/wp\/v2\/comments?post=28848"}],"version-history":[{"count":0,"href":"https:\/\/pinews.com.br\/index.php\/wp-json\/wp\/v2\/posts\/28848\/revisions"}],"wp:featuredmedia":[{"embeddable":true,"href":"https:\/\/pinews.com.br\/index.php\/wp-json\/"}],"wp:attachment":[{"href":"https:\/\/pinews.com.br\/index.php\/wp-json\/wp\/v2\/media?parent=28848"}],"wp:term":[{"taxonomy":"category","embeddable":true,"href":"https:\/\/pinews.com.br\/index.php\/wp-json\/wp\/v2\/categories?post=28848"},{"taxonomy":"post_tag","embeddable":true,"href":"https:\/\/pinews.com.br\/index.php\/wp-json\/wp\/v2\/tags?post=28848"}],"curies":[{"name":"wp","href":"https:\/\/api.w.org\/{rel}","templated":true}]}}